{"id":15923,"date":"2020-03-17T11:11:51","date_gmt":"2020-03-17T11:11:51","guid":{"rendered":"http:\/\/blogdorogeriogomes.com.br\/?p=15923"},"modified":"2020-03-17T12:07:17","modified_gmt":"2020-03-17T12:07:17","slug":"onibus-circulam-com-janelas-abertas-e-aulas-sao-suspensas-nas-redes-publica-e-particular","status":"publish","type":"post","link":"https:\/\/blogdorogeriogomes.com.br\/noticias\/2020\/03\/onibus-circulam-com-janelas-abertas-e-aulas-sao-suspensas-nas-redes-publica-e-particular\/","title":{"rendered":"\u00d4nibus circulam com janelas abertas e aulas s\u00e3o suspensas nas redes p\u00fablica e particular"},"content":{"rendered":"\n<p>O fortalezense deve se adaptar a novos comportamentos com o aumento dos casos de coronav\u00edrus. \u00d4nibus do transporte p\u00fablico de Fortaleza e Regi\u00e3o Metropolitana passaram a circular com janelas abertas e est\u00e3o sendo submetidos a higieniza\u00e7\u00e3o di\u00e1ria, de acordo com o Sindicato das Empresas de Transporte de Passageiros do Cear\u00e1 (Sindi\u00f4nibus).<\/p>\n\n\n\n<p>Para evitar a prolifera\u00e7\u00e3o do coronav\u00edrus, o Governo do Cear\u00e1 e a Prefeitura de Fortaleza tamb\u00e9m determinaram a suspens\u00e3o de aulas em escolas e universidades p\u00fablicas, a partir desta quinta-feira, dia 19 de mar\u00e7o.<\/p>\n\n\n\n<p>Na rede particular, escolas e universidades tamb\u00e9m come\u00e7am a tomar a mesma medida. V\u00e1rias unidades j\u00e1 anunciaram a suspens\u00e3o das aulas a partir desta quarta-feira, dia 18, por um prazo m\u00ednimo de 15 dias. A ideia \u00e9 aguardar a passagem do pico da pandemia.<\/p>\n\n\n\n<p>A principal orienta\u00e7\u00e3o \u00e9 que idosos a partir de 60 anos de idade evitem circular nas ruas. Evitar qualquer tipo de aglomera\u00e7\u00e3o, ainda \u00e9 a melhor medida a ser tomada para todas as pessoas.<\/p>\n\n\n\n<figure class=\"wp-block-gallery columns-1 is-cropped wp-block-gallery-1 is-layout-flex wp-block-gallery-is-layout-flex\"><ul class=\"blocks-gallery-grid\"><li class=\"blocks-gallery-item\"><figure><img loading=\"lazy\" decoding=\"async\" width=\"678\" height=\"452\" src=\"http:\/\/blogdorogeriogomes.com.br\/wp-content\/uploads\/2020\/03\/images-63.jpeg\" alt=\"\" data-id=\"15924\" data-full-url=\"http:\/\/blogdorogeriogomes.com.br\/wp-content\/uploads\/2020\/03\/images-63.jpeg\" data-link=\"http:\/\/blogdorogeriogomes.com.br\/?attachment_id=15924\" class=\"wp-image-15924\" srcset=\"https:\/\/blogdorogeriogomes.com.br\/noticias\/wp-content\/uploads\/2020\/03\/images-63.jpeg 678w, https:\/\/blogdorogeriogomes.com.br\/noticias\/wp-content\/uploads\/2020\/03\/images-63-300x200.jpeg 300w\" sizes=\"auto, (max-width: 678px) 100vw, 678px\" \/><\/figure><\/li><\/ul><\/figure>\n","protected":false},"excerpt":{"rendered":"<p>O fortalezense deve se adaptar a novos comportamentos com o aumento dos casos de coronav\u00edrus. \u00d4nibus do transporte p\u00fablico de Fortaleza e Regi\u00e3o Metropolitana passaram a circular com janelas abertas e est\u00e3o sendo submetidos a higieniza\u00e7\u00e3o di\u00e1ria, de acordo com o Sindicato das Empresas de Transporte de Passageiros do Cear\u00e1 (Sindi\u00f4nibus). Para evitar a prolifera\u00e7\u00e3o do coronav\u00edrus, o Governo do Cear\u00e1 e a Prefeitura de Fortaleza tamb\u00e9m determinaram a suspens\u00e3o de aulas em escolas e universidades p\u00fablicas, a partir&hellip;<\/p>\n","protected":false},"author":1,"featured_media":15924,"comment_status":"open","ping_status":"open","sticky":false,"template":"","format":"standard","meta":{"footnotes":""},"categories":[1],"tags":[],"class_list":["post-15923","post","type-post","status-publish","format-standard","has-post-thumbnail","hentry","category-noticias"],"_links":{"self":[{"href":"https:\/\/blogdorogeriogomes.com.br\/noticias\/wp-json\/wp\/v2\/posts\/15923","targetHints":{"allow":["GET"]}}],"collection":[{"href":"https:\/\/blogdorogeriogomes.com.br\/noticias\/wp-json\/wp\/v2\/posts"}],"about":[{"href":"https:\/\/blogdorogeriogomes.com.br\/noticias\/wp-json\/wp\/v2\/types\/post"}],"author":[{"embeddable":true,"href":"https:\/\/blogdorogeriogomes.com.br\/noticias\/wp-json\/wp\/v2\/users\/1"}],"replies":[{"embeddable":true,"href":"https:\/\/blogdorogeriogomes.com.br\/noticias\/wp-json\/wp\/v2\/comments?post=15923"}],"version-history":[{"count":1,"href":"https:\/\/blogdorogeriogomes.com.br\/noticias\/wp-json\/wp\/v2\/posts\/15923\/revisions"}],"predecessor-version":[{"id":15925,"href":"https:\/\/blogdorogeriogomes.com.br\/noticias\/wp-json\/wp\/v2\/posts\/15923\/revisions\/15925"}],"wp:featuredmedia":[{"embeddable":true,"href":"https:\/\/blogdorogeriogomes.com.br\/noticias\/wp-json\/wp\/v2\/media\/15924"}],"wp:attachment":[{"href":"https:\/\/blogdorogeriogomes.com.br\/noticias\/wp-json\/wp\/v2\/media?parent=15923"}],"wp:term":[{"taxonomy":"category","embeddable":true,"href":"https:\/\/blogdorogeriogomes.com.br\/noticias\/wp-json\/wp\/v2\/categories?post=15923"},{"taxonomy":"post_tag","embeddable":true,"href":"https:\/\/blogdorogeriogomes.com.br\/noticias\/wp-json\/wp\/v2\/tags?post=15923"}],"curies":[{"name":"wp","href":"https:\/\/api.w.org\/{rel}","templated":true}]}}