{"id":15926,"date":"2020-03-17T16:47:20","date_gmt":"2020-03-17T16:47:20","guid":{"rendered":"http:\/\/blogdorogeriogomes.com.br\/?p=15926"},"modified":"2020-03-18T11:33:14","modified_gmt":"2020-03-18T11:33:14","slug":"secretario-de-saude-do-ceara-confirma-na-assembleia-legislativa-que-casos-de-coronavirus-devem-seguir-tendencia-de-crescimento","status":"publish","type":"post","link":"https:\/\/blogdorogeriogomes.com.br\/noticias\/2020\/03\/secretario-de-saude-do-ceara-confirma-na-assembleia-legislativa-que-casos-de-coronavirus-devem-seguir-tendencia-de-crescimento\/","title":{"rendered":"Secret\u00e1rio de Sa\u00fade do Cear\u00e1 confirma na Assembleia Legislativa que casos de coronav\u00edrus devem seguir tend\u00eancia de crescimento"},"content":{"rendered":"\n<p>A Assembleia Legislativa do Cear\u00e1 teve sess\u00e3o, nesta ter\u00e7a-feira, dia 17 de mar\u00e7o, onde o assunto principal foi o avan\u00e7o do coronav\u00edrus no Estado. Deputados estaduais aprovaram as medidas de restri\u00e7\u00e3o social determinadas pelo Governo do Cear\u00e1. Elmano de Freitas, do PT, confirmou que ainda esta semana a proposta de reajuste de policiais e bombeiros militares, enviada pelo Executivo, deve ser votada na Assembleia. Finalmente, houve acordo entre a comiss\u00e3o de negocia\u00e7\u00e3o do Governo, Assembleia, Minist\u00e9rio P\u00fablico e OAB e os representantes dos PMs.<br>Sobre a continuidade das sess\u00f5es na Assembleia em tempos de coronav\u00edrus, o deputado estadual Heitor F\u00e9rrer, do Solidariedade, defende que os trabalhos no Legislativo deveriam ser suspensos.<br>A primeira morte por coronav\u00edrus foi confirmada em S\u00e3o Paulo. O secret\u00e1rio de Sa\u00fade do Estado, Dr. Cabeto, confirmou na Assembleia Legislativa, durante a sess\u00e3o desta ter\u00e7a-feira, que o aumento r\u00e1pido de casos no Sudeste deve se repetir tamb\u00e9m no Cear\u00e1. O secret\u00e1rio de Sa\u00fade do Cear\u00e1 refor\u00e7ou que as medidas preventivas para evitar a dissemina\u00e7\u00e3o do coronav\u00edrus devem se estender tamb\u00e9m aos munic\u00edpios do interior do Estado.<\/p>\n\n\n\n<figure class=\"wp-block-gallery columns-1 is-cropped wp-block-gallery-1 is-layout-flex wp-block-gallery-is-layout-flex\"><ul class=\"blocks-gallery-grid\"><li class=\"blocks-gallery-item\"><figure><img loading=\"lazy\" decoding=\"async\" width=\"1024\" height=\"894\" src=\"http:\/\/blogdorogeriogomes.com.br\/wp-content\/uploads\/2020\/03\/IMG_20200317_122119960-1-1024x894.jpg\" alt=\"\" data-id=\"15928\" data-full-url=\"http:\/\/blogdorogeriogomes.com.br\/wp-content\/uploads\/2020\/03\/IMG_20200317_122119960-1.jpg\" data-link=\"http:\/\/blogdorogeriogomes.com.br\/?attachment_id=15928\" class=\"wp-image-15928\" srcset=\"https:\/\/blogdorogeriogomes.com.br\/noticias\/wp-content\/uploads\/2020\/03\/IMG_20200317_122119960-1-1024x894.jpg 1024w, https:\/\/blogdorogeriogomes.com.br\/noticias\/wp-content\/uploads\/2020\/03\/IMG_20200317_122119960-1-300x262.jpg 300w, https:\/\/blogdorogeriogomes.com.br\/noticias\/wp-content\/uploads\/2020\/03\/IMG_20200317_122119960-1-768x671.jpg 768w, https:\/\/blogdorogeriogomes.com.br\/noticias\/wp-content\/uploads\/2020\/03\/IMG_20200317_122119960-1-1536x1342.jpg 1536w, https:\/\/blogdorogeriogomes.com.br\/noticias\/wp-content\/uploads\/2020\/03\/IMG_20200317_122119960-1-2048x1789.jpg 2048w, https:\/\/blogdorogeriogomes.com.br\/noticias\/wp-content\/uploads\/2020\/03\/IMG_20200317_122119960-1-800x699.jpg 800w\" sizes=\"auto, (max-width: 1024px) 100vw, 1024px\" \/><\/figure><\/li><\/ul><\/figure>\n","protected":false},"excerpt":{"rendered":"<p>A Assembleia Legislativa do Cear\u00e1 teve sess\u00e3o, nesta ter\u00e7a-feira, dia 17 de mar\u00e7o, onde o assunto principal foi o avan\u00e7o do coronav\u00edrus no Estado. Deputados estaduais aprovaram as medidas de restri\u00e7\u00e3o social determinadas pelo Governo do Cear\u00e1. Elmano de Freitas, do PT, confirmou que ainda esta semana a proposta de reajuste de policiais e bombeiros militares, enviada pelo Executivo, deve ser votada na Assembleia. Finalmente, houve acordo entre a comiss\u00e3o de negocia\u00e7\u00e3o do Governo, Assembleia, Minist\u00e9rio P\u00fablico e OAB&hellip;<\/p>\n","protected":false},"author":1,"featured_media":15928,"comment_status":"open","ping_status":"open","sticky":false,"template":"","format":"standard","meta":{"footnotes":""},"categories":[1],"tags":[],"class_list":["post-15926","post","type-post","status-publish","format-standard","has-post-thumbnail","hentry","category-noticias"],"_links":{"self":[{"href":"https:\/\/blogdorogeriogomes.com.br\/noticias\/wp-json\/wp\/v2\/posts\/15926","targetHints":{"allow":["GET"]}}],"collection":[{"href":"https:\/\/blogdorogeriogomes.com.br\/noticias\/wp-json\/wp\/v2\/posts"}],"about":[{"href":"https:\/\/blogdorogeriogomes.com.br\/noticias\/wp-json\/wp\/v2\/types\/post"}],"author":[{"embeddable":true,"href":"https:\/\/blogdorogeriogomes.com.br\/noticias\/wp-json\/wp\/v2\/users\/1"}],"replies":[{"embeddable":true,"href":"https:\/\/blogdorogeriogomes.com.br\/noticias\/wp-json\/wp\/v2\/comments?post=15926"}],"version-history":[{"count":1,"href":"https:\/\/blogdorogeriogomes.com.br\/noticias\/wp-json\/wp\/v2\/posts\/15926\/revisions"}],"predecessor-version":[{"id":15929,"href":"https:\/\/blogdorogeriogomes.com.br\/noticias\/wp-json\/wp\/v2\/posts\/15926\/revisions\/15929"}],"wp:featuredmedia":[{"embeddable":true,"href":"https:\/\/blogdorogeriogomes.com.br\/noticias\/wp-json\/wp\/v2\/media\/15928"}],"wp:attachment":[{"href":"https:\/\/blogdorogeriogomes.com.br\/noticias\/wp-json\/wp\/v2\/media?parent=15926"}],"wp:term":[{"taxonomy":"category","embeddable":true,"href":"https:\/\/blogdorogeriogomes.com.br\/noticias\/wp-json\/wp\/v2\/categories?post=15926"},{"taxonomy":"post_tag","embeddable":true,"href":"https:\/\/blogdorogeriogomes.com.br\/noticias\/wp-json\/wp\/v2\/tags?post=15926"}],"curies":[{"name":"wp","href":"https:\/\/api.w.org\/{rel}","templated":true}]}}