{"id":15930,"date":"2020-03-17T18:27:10","date_gmt":"2020-03-17T18:27:10","guid":{"rendered":"http:\/\/blogdorogeriogomes.com.br\/?p=15930"},"modified":"2020-03-18T11:32:47","modified_gmt":"2020-03-18T11:32:47","slug":"coronavirus-avanca-mas-bolsonaro-diz-que-e-histeria-presidente-diz-que-ira-comemorar-aniversario-com-festa-tradicional","status":"publish","type":"post","link":"https:\/\/blogdorogeriogomes.com.br\/noticias\/2020\/03\/coronavirus-avanca-mas-bolsonaro-diz-que-e-histeria-presidente-diz-que-ira-comemorar-aniversario-com-festa-tradicional\/","title":{"rendered":"Coronav\u00edrus avan\u00e7a, mas Bolsonaro diz que \u00e9 &#8220;histeria&#8221;. Presidente diz que ir\u00e1 comemorar anivers\u00e1rio com &#8220;festa tradicional&#8221;"},"content":{"rendered":"\n<p>A situa\u00e7\u00e3o do coronav\u00edrus se agrava no Brasil a partir da confirma\u00e7\u00e3o da primeira morte pela doen\u00e7a em S\u00e3o Paulo. Outros quatro \u00f3bitos est\u00e3o sob investiga\u00e7\u00e3o. O Ministro da Sa\u00fade, Luiz Henrique Mandetta, parece ser a \u00fanica lideran\u00e7a com racionalidade na c\u00fapula do governo na crise do coronav\u00edrus. Tem tomado medidas coerentes, a exemplo de pa\u00edses que j\u00e1 conseguem controlar o n\u00famero de casos da pandemia, como a China.<\/p>\n\n\n\n<p>Enquanto isso, o presidente Jair Bolsonaro continua agindo como se nada estivesse acontecendo no mundo. Vive talvez uma realidade paralela. Na It\u00e1lia, o coronav\u00edrus j\u00e1 causou 2.509 mortes. S\u00e3o mais de 26 mil casos confirmados. Bolsonaro diz que os Poderes Legislativo e Judici\u00e1rio, al\u00e9m de governadores, est\u00e3o tratando o caso como uma &#8220;histeria&#8221;. Para completar, declarou que pretende comemorar os 65 anos de idade dele, no s\u00e1bado, dia 21 de mar\u00e7o, com uma festa. &#8220;Vai ter uma festinha tradicional aqui. At\u00e9 porque eu fa\u00e7o anivers\u00e1rio dia 21 e minha esposa dia 22. S\u00e3o dois dias de festa aqui&#8221;, acrescentou Bolsonaro.<\/p>\n\n\n\n<p>Especialistas em sa\u00fade recomendam evitar aglomera\u00e7\u00f5es e reduzir o contato social para fazer frente \u00e0 crise sanit\u00e1ria. O PDT entrou na Justi\u00e7a com uma medida cautelar contra o presidente Jair Bolsonaro em que acusa o presidente de colocar em risco a sa\u00fade dos cidad\u00e3os brasileiros, ap\u00f3s desrespeitar medidas de seguran\u00e7a protocolada pela Organiza\u00e7\u00e3o Mundial de Sa\u00fade (OMS). O processo tramita em car\u00e1ter de urg\u00eancia e exige que Jair Bolsonaro seja posto em quarentena preventivamente.<\/p>\n\n\n\n<p><\/p>\n\n\n\n<figure class=\"wp-block-gallery columns-1 is-cropped wp-block-gallery-1 is-layout-flex wp-block-gallery-is-layout-flex\"><ul class=\"blocks-gallery-grid\"><li class=\"blocks-gallery-item\"><figure><img loading=\"lazy\" decoding=\"async\" width=\"1024\" height=\"683\" src=\"http:\/\/blogdorogeriogomes.com.br\/wp-content\/uploads\/2020\/03\/15842983505e6e796f001b7_1584298350_3x2_lg.jpg\" alt=\"\" data-id=\"15932\" data-full-url=\"http:\/\/blogdorogeriogomes.com.br\/wp-content\/uploads\/2020\/03\/15842983505e6e796f001b7_1584298350_3x2_lg.jpg\" data-link=\"http:\/\/blogdorogeriogomes.com.br\/?attachment_id=15932\" class=\"wp-image-15932\" srcset=\"https:\/\/blogdorogeriogomes.com.br\/noticias\/wp-content\/uploads\/2020\/03\/15842983505e6e796f001b7_1584298350_3x2_lg.jpg 1024w, https:\/\/blogdorogeriogomes.com.br\/noticias\/wp-content\/uploads\/2020\/03\/15842983505e6e796f001b7_1584298350_3x2_lg-300x200.jpg 300w, https:\/\/blogdorogeriogomes.com.br\/noticias\/wp-content\/uploads\/2020\/03\/15842983505e6e796f001b7_1584298350_3x2_lg-768x512.jpg 768w, https:\/\/blogdorogeriogomes.com.br\/noticias\/wp-content\/uploads\/2020\/03\/15842983505e6e796f001b7_1584298350_3x2_lg-800x534.jpg 800w\" sizes=\"auto, (max-width: 1024px) 100vw, 1024px\" \/><\/figure><\/li><\/ul><\/figure>\n","protected":false},"excerpt":{"rendered":"<p>A situa\u00e7\u00e3o do coronav\u00edrus se agrava no Brasil a partir da confirma\u00e7\u00e3o da primeira morte pela doen\u00e7a em S\u00e3o Paulo. Outros quatro \u00f3bitos est\u00e3o sob investiga\u00e7\u00e3o. O Ministro da Sa\u00fade, Luiz Henrique Mandetta, parece ser a \u00fanica lideran\u00e7a com racionalidade na c\u00fapula do governo na crise do coronav\u00edrus. Tem tomado medidas coerentes, a exemplo de pa\u00edses que j\u00e1 conseguem controlar o n\u00famero de casos da pandemia, como a China. Enquanto isso, o presidente Jair Bolsonaro continua agindo como se&hellip;<\/p>\n","protected":false},"author":1,"featured_media":15932,"comment_status":"open","ping_status":"open","sticky":false,"template":"","format":"standard","meta":{"footnotes":""},"categories":[1],"tags":[],"class_list":["post-15930","post","type-post","status-publish","format-standard","has-post-thumbnail","hentry","category-noticias"],"_links":{"self":[{"href":"https:\/\/blogdorogeriogomes.com.br\/noticias\/wp-json\/wp\/v2\/posts\/15930","targetHints":{"allow":["GET"]}}],"collection":[{"href":"https:\/\/blogdorogeriogomes.com.br\/noticias\/wp-json\/wp\/v2\/posts"}],"about":[{"href":"https:\/\/blogdorogeriogomes.com.br\/noticias\/wp-json\/wp\/v2\/types\/post"}],"author":[{"embeddable":true,"href":"https:\/\/blogdorogeriogomes.com.br\/noticias\/wp-json\/wp\/v2\/users\/1"}],"replies":[{"embeddable":true,"href":"https:\/\/blogdorogeriogomes.com.br\/noticias\/wp-json\/wp\/v2\/comments?post=15930"}],"version-history":[{"count":2,"href":"https:\/\/blogdorogeriogomes.com.br\/noticias\/wp-json\/wp\/v2\/posts\/15930\/revisions"}],"predecessor-version":[{"id":15933,"href":"https:\/\/blogdorogeriogomes.com.br\/noticias\/wp-json\/wp\/v2\/posts\/15930\/revisions\/15933"}],"wp:featuredmedia":[{"embeddable":true,"href":"https:\/\/blogdorogeriogomes.com.br\/noticias\/wp-json\/wp\/v2\/media\/15932"}],"wp:attachment":[{"href":"https:\/\/blogdorogeriogomes.com.br\/noticias\/wp-json\/wp\/v2\/media?parent=15930"}],"wp:term":[{"taxonomy":"category","embeddable":true,"href":"https:\/\/blogdorogeriogomes.com.br\/noticias\/wp-json\/wp\/v2\/categories?post=15930"},{"taxonomy":"post_tag","embeddable":true,"href":"https:\/\/blogdorogeriogomes.com.br\/noticias\/wp-json\/wp\/v2\/tags?post=15930"}],"curies":[{"name":"wp","href":"https:\/\/api.w.org\/{rel}","templated":true}]}}