{"id":15934,"date":"2020-03-17T21:01:13","date_gmt":"2020-03-17T21:01:13","guid":{"rendered":"http:\/\/blogdorogeriogomes.com.br\/?p=15934"},"modified":"2020-03-18T11:32:12","modified_gmt":"2020-03-18T11:32:12","slug":"cdl-e-entidades-de-classe-vao-elaborar-propostas-para-enfrentar-crise-do-coronavirus-documento-sera-entregue-a-governo-e-prefeitura","status":"publish","type":"post","link":"https:\/\/blogdorogeriogomes.com.br\/noticias\/2020\/03\/cdl-e-entidades-de-classe-vao-elaborar-propostas-para-enfrentar-crise-do-coronavirus-documento-sera-entregue-a-governo-e-prefeitura\/","title":{"rendered":"CDL e entidades de classe v\u00e3o elaborar propostas para enfrentar crise do coronav\u00edrus. Documento ser\u00e1 entregue a Governo e Prefeitura"},"content":{"rendered":"\n<p>Diante de a\u00e7\u00f5es de preven\u00e7\u00e3o contra o coronav\u00edrus, as lojas do Centro de Fortaleza continuar\u00e3o funcionando normalmente com hor\u00e1rio flex\u00edvel. <br>Nesta ter\u00e7a-feira, dia 17 de mar\u00e7o, a CDL de Fortaleza e outras entidades de classe representantes da economia cearense estiveram reunidas na Federa\u00e7\u00e3o das Ind\u00fastrias do Estado do Cear\u00e1 (FIEC) para discutir os impactos do novo coronav\u00edrus para empresas e empregos no Estado. Um documento com proposi\u00e7\u00f5es das entidades ser\u00e1 elaborado para entrega aos governos municipal e estadual, auxiliando na manuten\u00e7\u00e3o da sa\u00fade das pessoas e dos neg\u00f3cios neste momento de crise. <br>O documento dever\u00e1 ser entregue <br> na segunda-feira, dia 23 de mar\u00e7o, durante uma reuni\u00e3o do Comit\u00ea Estadual de Enfrentamento ao Coronav\u00edrus, ao governador Camilo Santana e ao prefeito Roberto Cl\u00e1udio.<\/p>\n\n\n\n<figure class=\"wp-block-gallery columns-1 is-cropped wp-block-gallery-1 is-layout-flex wp-block-gallery-is-layout-flex\"><ul class=\"blocks-gallery-grid\"><li class=\"blocks-gallery-item\"><figure><img loading=\"lazy\" decoding=\"async\" width=\"739\" height=\"415\" src=\"http:\/\/blogdorogeriogomes.com.br\/wp-content\/uploads\/2020\/03\/images-64.jpeg\" alt=\"\" data-id=\"15935\" data-full-url=\"http:\/\/blogdorogeriogomes.com.br\/wp-content\/uploads\/2020\/03\/images-64.jpeg\" data-link=\"http:\/\/blogdorogeriogomes.com.br\/?attachment_id=15935\" class=\"wp-image-15935\" srcset=\"https:\/\/blogdorogeriogomes.com.br\/noticias\/wp-content\/uploads\/2020\/03\/images-64.jpeg 739w, https:\/\/blogdorogeriogomes.com.br\/noticias\/wp-content\/uploads\/2020\/03\/images-64-300x168.jpeg 300w\" sizes=\"auto, (max-width: 739px) 100vw, 739px\" \/><\/figure><\/li><\/ul><\/figure>\n","protected":false},"excerpt":{"rendered":"<p>Diante de a\u00e7\u00f5es de preven\u00e7\u00e3o contra o coronav\u00edrus, as lojas do Centro de Fortaleza continuar\u00e3o funcionando normalmente com hor\u00e1rio flex\u00edvel. Nesta ter\u00e7a-feira, dia 17 de mar\u00e7o, a CDL de Fortaleza e outras entidades de classe representantes da economia cearense estiveram reunidas na Federa\u00e7\u00e3o das Ind\u00fastrias do Estado do Cear\u00e1 (FIEC) para discutir os impactos do novo coronav\u00edrus para empresas e empregos no Estado. Um documento com proposi\u00e7\u00f5es das entidades ser\u00e1 elaborado para entrega aos governos municipal e estadual, auxiliando&hellip;<\/p>\n","protected":false},"author":1,"featured_media":15935,"comment_status":"open","ping_status":"open","sticky":false,"template":"","format":"standard","meta":{"footnotes":""},"categories":[1],"tags":[],"class_list":["post-15934","post","type-post","status-publish","format-standard","has-post-thumbnail","hentry","category-noticias"],"_links":{"self":[{"href":"https:\/\/blogdorogeriogomes.com.br\/noticias\/wp-json\/wp\/v2\/posts\/15934","targetHints":{"allow":["GET"]}}],"collection":[{"href":"https:\/\/blogdorogeriogomes.com.br\/noticias\/wp-json\/wp\/v2\/posts"}],"about":[{"href":"https:\/\/blogdorogeriogomes.com.br\/noticias\/wp-json\/wp\/v2\/types\/post"}],"author":[{"embeddable":true,"href":"https:\/\/blogdorogeriogomes.com.br\/noticias\/wp-json\/wp\/v2\/users\/1"}],"replies":[{"embeddable":true,"href":"https:\/\/blogdorogeriogomes.com.br\/noticias\/wp-json\/wp\/v2\/comments?post=15934"}],"version-history":[{"count":1,"href":"https:\/\/blogdorogeriogomes.com.br\/noticias\/wp-json\/wp\/v2\/posts\/15934\/revisions"}],"predecessor-version":[{"id":15936,"href":"https:\/\/blogdorogeriogomes.com.br\/noticias\/wp-json\/wp\/v2\/posts\/15934\/revisions\/15936"}],"wp:featuredmedia":[{"embeddable":true,"href":"https:\/\/blogdorogeriogomes.com.br\/noticias\/wp-json\/wp\/v2\/media\/15935"}],"wp:attachment":[{"href":"https:\/\/blogdorogeriogomes.com.br\/noticias\/wp-json\/wp\/v2\/media?parent=15934"}],"wp:term":[{"taxonomy":"category","embeddable":true,"href":"https:\/\/blogdorogeriogomes.com.br\/noticias\/wp-json\/wp\/v2\/categories?post=15934"},{"taxonomy":"post_tag","embeddable":true,"href":"https:\/\/blogdorogeriogomes.com.br\/noticias\/wp-json\/wp\/v2\/tags?post=15934"}],"curies":[{"name":"wp","href":"https:\/\/api.w.org\/{rel}","templated":true}]}}