{"id":15937,"date":"2020-03-18T10:42:43","date_gmt":"2020-03-18T10:42:43","guid":{"rendered":"http:\/\/blogdorogeriogomes.com.br\/?p=15937"},"modified":"2020-03-18T11:31:54","modified_gmt":"2020-03-18T11:31:54","slug":"numero-de-casos-de-coronavirus-no-ceara-chega-a-11-duas-mortes-ja-foram-registradas-em-sao-paulo-e-rio-de-janeiro","status":"publish","type":"post","link":"https:\/\/blogdorogeriogomes.com.br\/noticias\/2020\/03\/numero-de-casos-de-coronavirus-no-ceara-chega-a-11-duas-mortes-ja-foram-registradas-em-sao-paulo-e-rio-de-janeiro\/","title":{"rendered":"N\u00famero de casos de coronav\u00edrus no Cear\u00e1 chega a 11. Duas mortes j\u00e1 foram registradas em S\u00e3o Paulo e Rio de Janeiro"},"content":{"rendered":"\n<p>A Secretaria de Sa\u00fade do Cear\u00e1 aponta que o n\u00famero de casos confirmados de coronav\u00edrus no Estado chegou a 11 pacientes. Tr\u00eas deles t\u00eam mais de 70 anos de idade. 146 pessoas est\u00e3o sob investiga\u00e7\u00e3o.<\/p>\n\n\n\n<p>Em n\u00edvel de Brasil, o Minist\u00e9rio da Sa\u00fade registra 291 casos confirmados, com duas mortes sendo uma em S\u00e3o Paulo e outra no Rio de Janeiro. Uma proje\u00e7\u00e3o feita por pesquisadores da PUC-Rio, Fiocruz e Instituto D&#8217;Or da Secretaria de Estado de Sa\u00fade do Rio de Janeiro estima que, at\u00e9 o fim do m\u00eas, o Brasil pode ter at\u00e9 4.970 casos confirmados de coronav\u00edrus. <\/p>\n\n\n\n<p>O Governo Federal vai solicitar, ao Congresso Nacional, o reconhecimento de Estado de Calamidade P\u00fablica para o Brasil devido \u00e0 pandemia do novo Covid-19.<\/p>\n\n\n\n<p>\u201cN\u00f3s estamos imaginando que n\u00f3s vamos trabalhar com n\u00fameros ascendentes, espirais em abril, maio, junho. N\u00f3s vamos passar a\u00ed 60 a 90 dias de muito estresse para que quando chegarmos ao fim de junho, julho, a gente imagina que entra no plat\u00f4. Agosto, setembro a gente deve estar voltando desde que a gente construa a chamada imunidade de mais de 50% das pessoas\u201d, disse o ministro Luiz Henrique Mandetta.<\/p>\n\n\n\n<figure class=\"wp-block-gallery columns-1 is-cropped wp-block-gallery-1 is-layout-flex wp-block-gallery-is-layout-flex\"><ul class=\"blocks-gallery-grid\"><li class=\"blocks-gallery-item\"><figure><img loading=\"lazy\" decoding=\"async\" width=\"660\" height=\"360\" src=\"http:\/\/blogdorogeriogomes.com.br\/wp-content\/uploads\/2020\/03\/mulher-usando-mascara-12032020060542151.jpeg\" alt=\"\" data-id=\"15938\" data-full-url=\"http:\/\/blogdorogeriogomes.com.br\/wp-content\/uploads\/2020\/03\/mulher-usando-mascara-12032020060542151.jpeg\" data-link=\"http:\/\/blogdorogeriogomes.com.br\/?attachment_id=15938\" class=\"wp-image-15938\" srcset=\"https:\/\/blogdorogeriogomes.com.br\/noticias\/wp-content\/uploads\/2020\/03\/mulher-usando-mascara-12032020060542151.jpeg 660w, https:\/\/blogdorogeriogomes.com.br\/noticias\/wp-content\/uploads\/2020\/03\/mulher-usando-mascara-12032020060542151-300x164.jpeg 300w\" sizes=\"auto, (max-width: 660px) 100vw, 660px\" \/><\/figure><\/li><\/ul><\/figure>\n","protected":false},"excerpt":{"rendered":"<p>A Secretaria de Sa\u00fade do Cear\u00e1 aponta que o n\u00famero de casos confirmados de coronav\u00edrus no Estado chegou a 11 pacientes. Tr\u00eas deles t\u00eam mais de 70 anos de idade. 146 pessoas est\u00e3o sob investiga\u00e7\u00e3o. Em n\u00edvel de Brasil, o Minist\u00e9rio da Sa\u00fade registra 291 casos confirmados, com duas mortes sendo uma em S\u00e3o Paulo e outra no Rio de Janeiro. Uma proje\u00e7\u00e3o feita por pesquisadores da PUC-Rio, Fiocruz e Instituto D&#8217;Or da Secretaria de Estado de Sa\u00fade do&hellip;<\/p>\n","protected":false},"author":1,"featured_media":15938,"comment_status":"open","ping_status":"open","sticky":false,"template":"","format":"standard","meta":{"footnotes":""},"categories":[1],"tags":[],"class_list":["post-15937","post","type-post","status-publish","format-standard","has-post-thumbnail","hentry","category-noticias"],"_links":{"self":[{"href":"https:\/\/blogdorogeriogomes.com.br\/noticias\/wp-json\/wp\/v2\/posts\/15937","targetHints":{"allow":["GET"]}}],"collection":[{"href":"https:\/\/blogdorogeriogomes.com.br\/noticias\/wp-json\/wp\/v2\/posts"}],"about":[{"href":"https:\/\/blogdorogeriogomes.com.br\/noticias\/wp-json\/wp\/v2\/types\/post"}],"author":[{"embeddable":true,"href":"https:\/\/blogdorogeriogomes.com.br\/noticias\/wp-json\/wp\/v2\/users\/1"}],"replies":[{"embeddable":true,"href":"https:\/\/blogdorogeriogomes.com.br\/noticias\/wp-json\/wp\/v2\/comments?post=15937"}],"version-history":[{"count":1,"href":"https:\/\/blogdorogeriogomes.com.br\/noticias\/wp-json\/wp\/v2\/posts\/15937\/revisions"}],"predecessor-version":[{"id":15939,"href":"https:\/\/blogdorogeriogomes.com.br\/noticias\/wp-json\/wp\/v2\/posts\/15937\/revisions\/15939"}],"wp:featuredmedia":[{"embeddable":true,"href":"https:\/\/blogdorogeriogomes.com.br\/noticias\/wp-json\/wp\/v2\/media\/15938"}],"wp:attachment":[{"href":"https:\/\/blogdorogeriogomes.com.br\/noticias\/wp-json\/wp\/v2\/media?parent=15937"}],"wp:term":[{"taxonomy":"category","embeddable":true,"href":"https:\/\/blogdorogeriogomes.com.br\/noticias\/wp-json\/wp\/v2\/categories?post=15937"},{"taxonomy":"post_tag","embeddable":true,"href":"https:\/\/blogdorogeriogomes.com.br\/noticias\/wp-json\/wp\/v2\/tags?post=15937"}],"curies":[{"name":"wp","href":"https:\/\/api.w.org\/{rel}","templated":true}]}}