{"id":15940,"date":"2020-03-18T11:20:08","date_gmt":"2020-03-18T11:20:08","guid":{"rendered":"http:\/\/blogdorogeriogomes.com.br\/?p=15940"},"modified":"2020-03-18T11:31:28","modified_gmt":"2020-03-18T11:31:28","slug":"acoes-do-ministro-da-saude-contra-o-coronavirus-geram-desgaste-na-relacao-com-presidente-jair-bolsonaro","status":"publish","type":"post","link":"https:\/\/blogdorogeriogomes.com.br\/noticias\/2020\/03\/acoes-do-ministro-da-saude-contra-o-coronavirus-geram-desgaste-na-relacao-com-presidente-jair-bolsonaro\/","title":{"rendered":"A\u00e7\u00f5es do Ministro da Sa\u00fade contra o coronav\u00edrus geram desgaste na rela\u00e7\u00e3o com presidente Jair Bolsonaro"},"content":{"rendered":"\n<p>As a\u00e7\u00f5es do ministro da Sa\u00fade, Luiz Henrique Mandetta, no combate ao crescimento de casos do coronav\u00edrus no Brasil tem gerado desentendimentos com o presidente Jair Bolsonaro. A avalia\u00e7\u00e3o de Bolsonaro \u00e9 de um discurso de &#8220;histeria&#8221;. Segundo ele, o papel do poder p\u00fablico deveria ser de acalmar a popula\u00e7\u00e3o, n\u00e3o o de estimular o p\u00e2nico. Mandetta tem defendido que as pessoas n\u00e3o participem de aglomera\u00e7\u00f5es e adotem medidas de precau\u00e7\u00e3o, al\u00e9m de ficarem em isolamento se tiverem sintomas. E esta \u00e9 a postura que vem sendo utilizada em todos os pa\u00edses atingidos pela pandemia, inclusive, nos Estados Unidos. \u00c9 necess\u00e1rio o isolamento social para evitar uma maior dissemina\u00e7\u00e3o do coronav\u00edrus.<\/p>\n\n\n\n<p>O descaso de Jair Bolsonaro com o avan\u00e7o da doen\u00e7a recebe cr\u00edticas de todos os lados. Inclusive, de eleitores. Na noite de ter\u00e7a-feira, dia 17 de mar\u00e7o, foram registrados &#8220;panela\u00e7os&#8221;, como protestos, das janelas dos apartamentos em S\u00e3o Paulo, Rio de Janeiro e Bras\u00edlia. Nesta quarta-feira, a a\u00e7\u00e3o deve se repetir.<\/p>\n\n\n\n<p>Ainda na ter\u00e7a-feira, o deputado Leandro Grass (Rede-DF) apresentou na C\u00e2mara dos Deputados um pedido de impeachment de Bolsonaro. Dentre os motivos que justificam o pedido, est\u00e3o os constantes ataques \u00e0 imprensa, aos outros poderes da Rep\u00fablica e o endosso para que acontecessem, contra as orienta\u00e7\u00f5es da Organiza\u00e7\u00e3o Mundial da Sa\u00fade e o Minist\u00e9rio da Sa\u00fade, as manifesta\u00e7\u00f5es bolsonaristas de domingo passado, dia 15 de mar\u00e7o.<\/p>\n\n\n\n<p><\/p>\n\n\n\n<figure class=\"wp-block-gallery columns-1 is-cropped wp-block-gallery-1 is-layout-flex wp-block-gallery-is-layout-flex\"><ul class=\"blocks-gallery-grid\"><li class=\"blocks-gallery-item\"><figure><img loading=\"lazy\" decoding=\"async\" width=\"1024\" height=\"683\" src=\"http:\/\/blogdorogeriogomes.com.br\/wp-content\/uploads\/2020\/03\/15829288085e5993a8be06b_1582928808_3x2_lg.jpg\" alt=\"\" data-id=\"15941\" data-full-url=\"http:\/\/blogdorogeriogomes.com.br\/wp-content\/uploads\/2020\/03\/15829288085e5993a8be06b_1582928808_3x2_lg.jpg\" data-link=\"http:\/\/blogdorogeriogomes.com.br\/?attachment_id=15941\" class=\"wp-image-15941\" srcset=\"https:\/\/blogdorogeriogomes.com.br\/noticias\/wp-content\/uploads\/2020\/03\/15829288085e5993a8be06b_1582928808_3x2_lg.jpg 1024w, https:\/\/blogdorogeriogomes.com.br\/noticias\/wp-content\/uploads\/2020\/03\/15829288085e5993a8be06b_1582928808_3x2_lg-300x200.jpg 300w, https:\/\/blogdorogeriogomes.com.br\/noticias\/wp-content\/uploads\/2020\/03\/15829288085e5993a8be06b_1582928808_3x2_lg-768x512.jpg 768w, https:\/\/blogdorogeriogomes.com.br\/noticias\/wp-content\/uploads\/2020\/03\/15829288085e5993a8be06b_1582928808_3x2_lg-800x534.jpg 800w\" sizes=\"auto, (max-width: 1024px) 100vw, 1024px\" \/><\/figure><\/li><\/ul><\/figure>\n","protected":false},"excerpt":{"rendered":"<p>As a\u00e7\u00f5es do ministro da Sa\u00fade, Luiz Henrique Mandetta, no combate ao crescimento de casos do coronav\u00edrus no Brasil tem gerado desentendimentos com o presidente Jair Bolsonaro. A avalia\u00e7\u00e3o de Bolsonaro \u00e9 de um discurso de &#8220;histeria&#8221;. Segundo ele, o papel do poder p\u00fablico deveria ser de acalmar a popula\u00e7\u00e3o, n\u00e3o o de estimular o p\u00e2nico. Mandetta tem defendido que as pessoas n\u00e3o participem de aglomera\u00e7\u00f5es e adotem medidas de precau\u00e7\u00e3o, al\u00e9m de ficarem em isolamento se tiverem sintomas.&hellip;<\/p>\n","protected":false},"author":1,"featured_media":15941,"comment_status":"open","ping_status":"open","sticky":false,"template":"","format":"standard","meta":{"footnotes":""},"categories":[1],"tags":[],"class_list":["post-15940","post","type-post","status-publish","format-standard","has-post-thumbnail","hentry","category-noticias"],"_links":{"self":[{"href":"https:\/\/blogdorogeriogomes.com.br\/noticias\/wp-json\/wp\/v2\/posts\/15940","targetHints":{"allow":["GET"]}}],"collection":[{"href":"https:\/\/blogdorogeriogomes.com.br\/noticias\/wp-json\/wp\/v2\/posts"}],"about":[{"href":"https:\/\/blogdorogeriogomes.com.br\/noticias\/wp-json\/wp\/v2\/types\/post"}],"author":[{"embeddable":true,"href":"https:\/\/blogdorogeriogomes.com.br\/noticias\/wp-json\/wp\/v2\/users\/1"}],"replies":[{"embeddable":true,"href":"https:\/\/blogdorogeriogomes.com.br\/noticias\/wp-json\/wp\/v2\/comments?post=15940"}],"version-history":[{"count":1,"href":"https:\/\/blogdorogeriogomes.com.br\/noticias\/wp-json\/wp\/v2\/posts\/15940\/revisions"}],"predecessor-version":[{"id":15942,"href":"https:\/\/blogdorogeriogomes.com.br\/noticias\/wp-json\/wp\/v2\/posts\/15940\/revisions\/15942"}],"wp:featuredmedia":[{"embeddable":true,"href":"https:\/\/blogdorogeriogomes.com.br\/noticias\/wp-json\/wp\/v2\/media\/15941"}],"wp:attachment":[{"href":"https:\/\/blogdorogeriogomes.com.br\/noticias\/wp-json\/wp\/v2\/media?parent=15940"}],"wp:term":[{"taxonomy":"category","embeddable":true,"href":"https:\/\/blogdorogeriogomes.com.br\/noticias\/wp-json\/wp\/v2\/categories?post=15940"},{"taxonomy":"post_tag","embeddable":true,"href":"https:\/\/blogdorogeriogomes.com.br\/noticias\/wp-json\/wp\/v2\/tags?post=15940"}],"curies":[{"name":"wp","href":"https:\/\/api.w.org\/{rel}","templated":true}]}}