{"id":15943,"date":"2020-03-18T12:56:36","date_gmt":"2020-03-18T12:56:36","guid":{"rendered":"http:\/\/blogdorogeriogomes.com.br\/?p=15943"},"modified":"2020-03-20T12:15:06","modified_gmt":"2020-03-20T12:15:06","slug":"deputados-estaduais-sao-confirmados-com-coronavirus-e-plenario-da-assembleia-legislativa-e-interditado","status":"publish","type":"post","link":"https:\/\/blogdorogeriogomes.com.br\/noticias\/2020\/03\/deputados-estaduais-sao-confirmados-com-coronavirus-e-plenario-da-assembleia-legislativa-e-interditado\/","title":{"rendered":"Deputado estadual \u00e9 confirmado com coronav\u00edrus e Plen\u00e1rio da Assembleia Legislativa \u00e9 interditado"},"content":{"rendered":"\n<p>O deputado estadual&nbsp;J\u00falio C\u00e9sar Filho (Cidadania), que \u00e9 l\u00edder do Governo na Assembleia Legislativa, fez teste positivo para o coronav\u00edrus. O diagn\u00f3stico de J\u00falio  gerou de imediato a atitude do presidente da AL, Jos\u00e9 Sarto (PDT), em interditar o Plen\u00e1rio da Assembleia Legislativa para um trabalho de desinfec\u00e7\u00e3o. O deputado Leonardo Ara\u00fajo (MDB) tamb\u00e9m fez o teste, mas deu negativo.<\/p>\n\n\n\n<p>Desde o \u00faltimo fim de semana, J\u00falio C\u00e9sar reclamou de desconforto e resolveu se submeter ao exame para diagn\u00f3stico do coronav\u00edrus.<\/p>\n\n\n\n<p>Assim, a Mesa Diretora da Assembleia Legislativa deve rever o funcionamento da Casa, quanto \u00e0s sess\u00f5es legislativas. O acesso \u00e0 AL j\u00e1 estava restrito desde o in\u00edcio da semana para evitar aglomera\u00e7\u00f5es.<\/p>\n\n\n\n<p>Para esta quarta-feira, dia 18 de mar\u00e7o, estavam pautadas a reestrutura\u00e7\u00e3o salarial dos militares e a ascens\u00e3o funcional dos servidores da sa\u00fade. O esfor\u00e7o concentrado visava limpar a pauta do Legislativo Estadual. Uma das possibilidades \u00e9 que as vota\u00e7\u00f5es aconte\u00e7am de forma remota atrav\u00e9s de videoconfer\u00eancia. <\/p>\n\n\n\n<p><\/p>\n\n\n\n<figure class=\"wp-block-gallery columns-0 is-cropped wp-block-gallery-1 is-layout-flex wp-block-gallery-is-layout-flex\"><ul class=\"blocks-gallery-grid\"><\/ul><\/figure>\n\n\n\n<figure class=\"wp-block-gallery columns-1 is-cropped wp-block-gallery-2 is-layout-flex wp-block-gallery-is-layout-flex\"><ul class=\"blocks-gallery-grid\"><li class=\"blocks-gallery-item\"><figure><img loading=\"lazy\" decoding=\"async\" width=\"678\" height=\"452\" src=\"http:\/\/blogdorogeriogomes.com.br\/wp-content\/uploads\/2020\/03\/images-67.jpeg\" alt=\"\" data-id=\"15951\" data-full-url=\"http:\/\/blogdorogeriogomes.com.br\/wp-content\/uploads\/2020\/03\/images-67.jpeg\" data-link=\"http:\/\/blogdorogeriogomes.com.br\/2020\/03\/18\/deputados-estaduais-sao-confirmados-com-coronavirus-e-plenario-da-assembleia-legislativa-e-interditado\/images-67-5\/\" class=\"wp-image-15951\" srcset=\"https:\/\/blogdorogeriogomes.com.br\/noticias\/wp-content\/uploads\/2020\/03\/images-67.jpeg 678w, https:\/\/blogdorogeriogomes.com.br\/noticias\/wp-content\/uploads\/2020\/03\/images-67-300x200.jpeg 300w\" sizes=\"auto, (max-width: 678px) 100vw, 678px\" \/><\/figure><\/li><\/ul><\/figure>\n","protected":false},"excerpt":{"rendered":"<p>O deputado estadual&nbsp;J\u00falio C\u00e9sar Filho (Cidadania), que \u00e9 l\u00edder do Governo na Assembleia Legislativa, fez teste positivo para o coronav\u00edrus. O diagn\u00f3stico de J\u00falio gerou de imediato a atitude do presidente da AL, Jos\u00e9 Sarto (PDT), em interditar o Plen\u00e1rio da Assembleia Legislativa para um trabalho de desinfec\u00e7\u00e3o. O deputado Leonardo Ara\u00fajo (MDB) tamb\u00e9m fez o teste, mas deu negativo. Desde o \u00faltimo fim de semana, J\u00falio C\u00e9sar reclamou de desconforto e resolveu se submeter ao exame para diagn\u00f3stico&hellip;<\/p>\n","protected":false},"author":1,"featured_media":15951,"comment_status":"open","ping_status":"open","sticky":false,"template":"","format":"standard","meta":{"footnotes":""},"categories":[1],"tags":[],"class_list":["post-15943","post","type-post","status-publish","format-standard","has-post-thumbnail","hentry","category-noticias"],"_links":{"self":[{"href":"https:\/\/blogdorogeriogomes.com.br\/noticias\/wp-json\/wp\/v2\/posts\/15943","targetHints":{"allow":["GET"]}}],"collection":[{"href":"https:\/\/blogdorogeriogomes.com.br\/noticias\/wp-json\/wp\/v2\/posts"}],"about":[{"href":"https:\/\/blogdorogeriogomes.com.br\/noticias\/wp-json\/wp\/v2\/types\/post"}],"author":[{"embeddable":true,"href":"https:\/\/blogdorogeriogomes.com.br\/noticias\/wp-json\/wp\/v2\/users\/1"}],"replies":[{"embeddable":true,"href":"https:\/\/blogdorogeriogomes.com.br\/noticias\/wp-json\/wp\/v2\/comments?post=15943"}],"version-history":[{"count":4,"href":"https:\/\/blogdorogeriogomes.com.br\/noticias\/wp-json\/wp\/v2\/posts\/15943\/revisions"}],"predecessor-version":[{"id":15983,"href":"https:\/\/blogdorogeriogomes.com.br\/noticias\/wp-json\/wp\/v2\/posts\/15943\/revisions\/15983"}],"wp:featuredmedia":[{"embeddable":true,"href":"https:\/\/blogdorogeriogomes.com.br\/noticias\/wp-json\/wp\/v2\/media\/15951"}],"wp:attachment":[{"href":"https:\/\/blogdorogeriogomes.com.br\/noticias\/wp-json\/wp\/v2\/media?parent=15943"}],"wp:term":[{"taxonomy":"category","embeddable":true,"href":"https:\/\/blogdorogeriogomes.com.br\/noticias\/wp-json\/wp\/v2\/categories?post=15943"},{"taxonomy":"post_tag","embeddable":true,"href":"https:\/\/blogdorogeriogomes.com.br\/noticias\/wp-json\/wp\/v2\/tags?post=15943"}],"curies":[{"name":"wp","href":"https:\/\/api.w.org\/{rel}","templated":true}]}}