{"id":15947,"date":"2020-03-18T16:18:40","date_gmt":"2020-03-18T16:18:40","guid":{"rendered":"http:\/\/blogdorogeriogomes.com.br\/?p=15947"},"modified":"2020-03-20T12:14:54","modified_gmt":"2020-03-20T12:14:54","slug":"camilo-santana-anuncia-novas-medidas-de-enfrentamento-ao-coronavirus","status":"publish","type":"post","link":"https:\/\/blogdorogeriogomes.com.br\/noticias\/2020\/03\/camilo-santana-anuncia-novas-medidas-de-enfrentamento-ao-coronavirus\/","title":{"rendered":"Camilo Santana anuncia novas medidas de enfrentamento ao coronav\u00edrus"},"content":{"rendered":"\n<p>O governador do Cear\u00e1, Camilo Santana, se pronunciou ao vivo pelas redes sociais, no in\u00edcio da tarde desta quarta-feira, dia 18 de mar\u00e7o, e anunciou novas medidas tomadas pelo Governo do Cear\u00e1 para o enfrentamento do coronav\u00edrus.<\/p>\n\n\n\n<ul class=\"wp-block-list\"><li>Dobrar o n\u00famero de UTIs nas unidades p\u00fablicas no Estado, com aquisi\u00e7\u00e3o de 600 novas UTIs, praticamente dobrando a capacidade de atendimento do sistema.<\/li><li>Requisi\u00e7\u00e3o de 100 mil m\u00e1scaras e 400 mil litros de \u00e1lcool gel para os equipamentos p\u00fablicos de sa\u00fade.<\/li><li>Aquisi\u00e7\u00e3o de 10 mil kit\u00b4s de teste r\u00e1pido (J\u00e1 tinha sido solicitado 5 mil)<\/li><li>Teleatendimento em sa\u00fade, com 150 linhas dispon\u00edveis com profissionais de sa\u00fade. Com o n\u00famero 0800 2751475<\/li><li>Ponto facultativo na sexta-feira para servidores do Estado.<\/li><li>Refor\u00e7o junto aos prefeitos para criar protocolos de seguran\u00e7a, e acompanhar as medidas do Estado.<\/li><li>Refor\u00e7ou o isolamento social durante esse per\u00edodo e pregou uni\u00e3o e bom senso.<\/li><\/ul>\n\n\n\n<figure class=\"wp-block-gallery columns-1 is-cropped wp-block-gallery-1 is-layout-flex wp-block-gallery-is-layout-flex\"><ul class=\"blocks-gallery-grid\"><li class=\"blocks-gallery-item\"><figure><img loading=\"lazy\" decoding=\"async\" width=\"678\" height=\"452\" src=\"http:\/\/blogdorogeriogomes.com.br\/wp-content\/uploads\/2020\/03\/images-66.jpeg\" alt=\"\" data-id=\"15948\" data-full-url=\"http:\/\/blogdorogeriogomes.com.br\/wp-content\/uploads\/2020\/03\/images-66.jpeg\" data-link=\"http:\/\/blogdorogeriogomes.com.br\/?attachment_id=15948\" class=\"wp-image-15948\" srcset=\"https:\/\/blogdorogeriogomes.com.br\/noticias\/wp-content\/uploads\/2020\/03\/images-66.jpeg 678w, https:\/\/blogdorogeriogomes.com.br\/noticias\/wp-content\/uploads\/2020\/03\/images-66-300x200.jpeg 300w\" sizes=\"auto, (max-width: 678px) 100vw, 678px\" \/><\/figure><\/li><\/ul><\/figure>\n","protected":false},"excerpt":{"rendered":"<p>O governador do Cear\u00e1, Camilo Santana, se pronunciou ao vivo pelas redes sociais, no in\u00edcio da tarde desta quarta-feira, dia 18 de mar\u00e7o, e anunciou novas medidas tomadas pelo Governo do Cear\u00e1 para o enfrentamento do coronav\u00edrus. Dobrar o n\u00famero de UTIs nas unidades p\u00fablicas no Estado, com aquisi\u00e7\u00e3o de 600 novas UTIs, praticamente dobrando a capacidade de atendimento do sistema. Requisi\u00e7\u00e3o de 100 mil m\u00e1scaras e 400 mil litros de \u00e1lcool gel para os equipamentos p\u00fablicos de sa\u00fade.&hellip;<\/p>\n","protected":false},"author":1,"featured_media":15948,"comment_status":"open","ping_status":"open","sticky":false,"template":"","format":"standard","meta":{"footnotes":""},"categories":[1],"tags":[],"class_list":["post-15947","post","type-post","status-publish","format-standard","has-post-thumbnail","hentry","category-noticias"],"_links":{"self":[{"href":"https:\/\/blogdorogeriogomes.com.br\/noticias\/wp-json\/wp\/v2\/posts\/15947","targetHints":{"allow":["GET"]}}],"collection":[{"href":"https:\/\/blogdorogeriogomes.com.br\/noticias\/wp-json\/wp\/v2\/posts"}],"about":[{"href":"https:\/\/blogdorogeriogomes.com.br\/noticias\/wp-json\/wp\/v2\/types\/post"}],"author":[{"embeddable":true,"href":"https:\/\/blogdorogeriogomes.com.br\/noticias\/wp-json\/wp\/v2\/users\/1"}],"replies":[{"embeddable":true,"href":"https:\/\/blogdorogeriogomes.com.br\/noticias\/wp-json\/wp\/v2\/comments?post=15947"}],"version-history":[{"count":1,"href":"https:\/\/blogdorogeriogomes.com.br\/noticias\/wp-json\/wp\/v2\/posts\/15947\/revisions"}],"predecessor-version":[{"id":15949,"href":"https:\/\/blogdorogeriogomes.com.br\/noticias\/wp-json\/wp\/v2\/posts\/15947\/revisions\/15949"}],"wp:featuredmedia":[{"embeddable":true,"href":"https:\/\/blogdorogeriogomes.com.br\/noticias\/wp-json\/wp\/v2\/media\/15948"}],"wp:attachment":[{"href":"https:\/\/blogdorogeriogomes.com.br\/noticias\/wp-json\/wp\/v2\/media?parent=15947"}],"wp:term":[{"taxonomy":"category","embeddable":true,"href":"https:\/\/blogdorogeriogomes.com.br\/noticias\/wp-json\/wp\/v2\/categories?post=15947"},{"taxonomy":"post_tag","embeddable":true,"href":"https:\/\/blogdorogeriogomes.com.br\/noticias\/wp-json\/wp\/v2\/tags?post=15947"}],"curies":[{"name":"wp","href":"https:\/\/api.w.org\/{rel}","templated":true}]}}