{"id":15953,"date":"2020-03-18T19:55:45","date_gmt":"2020-03-18T19:55:45","guid":{"rendered":"http:\/\/blogdorogeriogomes.com.br\/?p=15953"},"modified":"2020-03-20T12:14:36","modified_gmt":"2020-03-20T12:14:36","slug":"coronavirus-tambem-avanca-entre-autoridades-nacionais-e-estaduais","status":"publish","type":"post","link":"https:\/\/blogdorogeriogomes.com.br\/noticias\/2020\/03\/coronavirus-tambem-avanca-entre-autoridades-nacionais-e-estaduais\/","title":{"rendered":"Coronav\u00edrus tamb\u00e9m avan\u00e7a entre autoridades nacionais e estaduais"},"content":{"rendered":"\n<p>Depois do l\u00edder do Governo na Assembleia Legislativa, J\u00falio C\u00e9sar Filho, outras autoridades cearenses tamb\u00e9m tiveram testes positivos para o coronav\u00edrus: a vice-governadora do Cear\u00e1, Izolda Cela, o ex-prefeito de Sobral e marido de Izolda, Veveu Arruda (na foto) e o pr\u00e9-candidato pelo PSDB \u00e0 Prefeitura de Fortaleza, Carlos Matos.<\/p>\n\n\n\n<p>Em n\u00edvel nacional, o quadro tamb\u00e9m avan\u00e7a entre membros do Governo Federal. O ministro de Minas e Energia, Bento Albuquerque, foi diagnosticado com Covid-19, como tamb\u00e9m o ministro do Gabinete de Seguran\u00e7a Institucional, general Augusto Heleno, de 72 anos.<\/p>\n\n\n\n<figure class=\"wp-block-gallery columns-1 is-cropped wp-block-gallery-1 is-layout-flex wp-block-gallery-is-layout-flex\"><ul class=\"blocks-gallery-grid\"><li class=\"blocks-gallery-item\"><figure><img loading=\"lazy\" decoding=\"async\" width=\"619\" height=\"496\" src=\"http:\/\/blogdorogeriogomes.com.br\/wp-content\/uploads\/2020\/03\/images-68.jpeg\" alt=\"\" data-id=\"15954\" data-full-url=\"http:\/\/blogdorogeriogomes.com.br\/wp-content\/uploads\/2020\/03\/images-68.jpeg\" data-link=\"http:\/\/blogdorogeriogomes.com.br\/?attachment_id=15954\" class=\"wp-image-15954\" srcset=\"https:\/\/blogdorogeriogomes.com.br\/noticias\/wp-content\/uploads\/2020\/03\/images-68.jpeg 619w, https:\/\/blogdorogeriogomes.com.br\/noticias\/wp-content\/uploads\/2020\/03\/images-68-300x240.jpeg 300w\" sizes=\"auto, (max-width: 619px) 100vw, 619px\" \/><\/figure><\/li><\/ul><\/figure>\n","protected":false},"excerpt":{"rendered":"<p>Depois do l\u00edder do Governo na Assembleia Legislativa, J\u00falio C\u00e9sar Filho, outras autoridades cearenses tamb\u00e9m tiveram testes positivos para o coronav\u00edrus: a vice-governadora do Cear\u00e1, Izolda Cela, o ex-prefeito de Sobral e marido de Izolda, Veveu Arruda (na foto) e o pr\u00e9-candidato pelo PSDB \u00e0 Prefeitura de Fortaleza, Carlos Matos. Em n\u00edvel nacional, o quadro tamb\u00e9m avan\u00e7a entre membros do Governo Federal. O ministro de Minas e Energia, Bento Albuquerque, foi diagnosticado com Covid-19, como tamb\u00e9m o ministro do&hellip;<\/p>\n","protected":false},"author":1,"featured_media":15954,"comment_status":"open","ping_status":"open","sticky":false,"template":"","format":"standard","meta":{"footnotes":""},"categories":[1],"tags":[],"class_list":["post-15953","post","type-post","status-publish","format-standard","has-post-thumbnail","hentry","category-noticias"],"_links":{"self":[{"href":"https:\/\/blogdorogeriogomes.com.br\/noticias\/wp-json\/wp\/v2\/posts\/15953","targetHints":{"allow":["GET"]}}],"collection":[{"href":"https:\/\/blogdorogeriogomes.com.br\/noticias\/wp-json\/wp\/v2\/posts"}],"about":[{"href":"https:\/\/blogdorogeriogomes.com.br\/noticias\/wp-json\/wp\/v2\/types\/post"}],"author":[{"embeddable":true,"href":"https:\/\/blogdorogeriogomes.com.br\/noticias\/wp-json\/wp\/v2\/users\/1"}],"replies":[{"embeddable":true,"href":"https:\/\/blogdorogeriogomes.com.br\/noticias\/wp-json\/wp\/v2\/comments?post=15953"}],"version-history":[{"count":1,"href":"https:\/\/blogdorogeriogomes.com.br\/noticias\/wp-json\/wp\/v2\/posts\/15953\/revisions"}],"predecessor-version":[{"id":15955,"href":"https:\/\/blogdorogeriogomes.com.br\/noticias\/wp-json\/wp\/v2\/posts\/15953\/revisions\/15955"}],"wp:featuredmedia":[{"embeddable":true,"href":"https:\/\/blogdorogeriogomes.com.br\/noticias\/wp-json\/wp\/v2\/media\/15954"}],"wp:attachment":[{"href":"https:\/\/blogdorogeriogomes.com.br\/noticias\/wp-json\/wp\/v2\/media?parent=15953"}],"wp:term":[{"taxonomy":"category","embeddable":true,"href":"https:\/\/blogdorogeriogomes.com.br\/noticias\/wp-json\/wp\/v2\/categories?post=15953"},{"taxonomy":"post_tag","embeddable":true,"href":"https:\/\/blogdorogeriogomes.com.br\/noticias\/wp-json\/wp\/v2\/tags?post=15953"}],"curies":[{"name":"wp","href":"https:\/\/api.w.org\/{rel}","templated":true}]}}