{"id":15965,"date":"2020-03-19T16:45:29","date_gmt":"2020-03-19T16:45:29","guid":{"rendered":"http:\/\/blogdorogeriogomes.com.br\/?p=15965"},"modified":"2020-03-20T12:13:57","modified_gmt":"2020-03-20T12:13:57","slug":"assembleia-legislativa-realiza-reuniao-remota-e-tera-sessao-deliberativa-para-esta-sexta-feira","status":"publish","type":"post","link":"https:\/\/blogdorogeriogomes.com.br\/noticias\/2020\/03\/assembleia-legislativa-realiza-reuniao-remota-e-tera-sessao-deliberativa-para-esta-sexta-feira\/","title":{"rendered":"Assembleia Legislativa realiza reuni\u00e3o remota e ter\u00e1 sess\u00e3o deliberativa para esta sexta-feira"},"content":{"rendered":"\n<p>O presidente da Assembleia Legislativa do Cear\u00e1, Jos\u00e9 Sarto, comandou, nesta quinta-feira, dia 19 de mar\u00e7o, uma reuni\u00e3o remota com a participa\u00e7\u00e3o de 27 deputados estaduais. Equipes de Tecnologia da Informa\u00e7\u00e3o, de Comunica\u00e7\u00e3o Social e do Departamento Legislativo desenvolveram um sistema de delibera\u00e7\u00e3o remota para realiza\u00e7\u00e3o de vota\u00e7\u00f5es virtuais. \u201cEssa \u00e9 uma a\u00e7\u00e3o in\u00e9dita. O Legislativo Cearense \u00e9 pioneiro em fazer sess\u00f5es de forma remota\u201d, afirmou Jos\u00e9 Sarto.<\/p>\n\n\n\n<figure class=\"wp-block-gallery columns-1 is-cropped wp-block-gallery-1 is-layout-flex wp-block-gallery-is-layout-flex\"><ul class=\"blocks-gallery-grid\"><li class=\"blocks-gallery-item\"><figure><img loading=\"lazy\" decoding=\"async\" width=\"1024\" height=\"576\" src=\"http:\/\/blogdorogeriogomes.com.br\/wp-content\/uploads\/2020\/03\/IMG-20200319-WA0082-1024x576.jpg\" alt=\"\" data-id=\"15966\" data-full-url=\"http:\/\/blogdorogeriogomes.com.br\/wp-content\/uploads\/2020\/03\/IMG-20200319-WA0082.jpg\" data-link=\"http:\/\/blogdorogeriogomes.com.br\/?attachment_id=15966\" class=\"wp-image-15966\" srcset=\"https:\/\/blogdorogeriogomes.com.br\/noticias\/wp-content\/uploads\/2020\/03\/IMG-20200319-WA0082-1024x576.jpg 1024w, https:\/\/blogdorogeriogomes.com.br\/noticias\/wp-content\/uploads\/2020\/03\/IMG-20200319-WA0082-300x169.jpg 300w, https:\/\/blogdorogeriogomes.com.br\/noticias\/wp-content\/uploads\/2020\/03\/IMG-20200319-WA0082-768x432.jpg 768w, https:\/\/blogdorogeriogomes.com.br\/noticias\/wp-content\/uploads\/2020\/03\/IMG-20200319-WA0082-800x450.jpg 800w, https:\/\/blogdorogeriogomes.com.br\/noticias\/wp-content\/uploads\/2020\/03\/IMG-20200319-WA0082.jpg 1280w\" sizes=\"auto, (max-width: 1024px) 100vw, 1024px\" \/><\/figure><\/li><\/ul><\/figure>\n\n\n\n<p>Para esta sexta-feira, dia 20, est\u00e1 programada uma sess\u00e3o deliberativa para a vota\u00e7\u00e3o das mensagens que tratam a reestrutura\u00e7\u00e3o salarial de policiais e bombeiros militares e a ascens\u00e3o funcional dos servidores de sa\u00fade.<\/p>\n\n\n\n<p>As sess\u00f5es plen\u00e1rias presenciais foram suspensas, devido ao aumento de casos de coronav\u00edrus. O deputado estadual J\u00falio C\u00e9sar Filho fez teste positivo para a doen\u00e7a.<\/p>\n\n\n\n<p>A reuni\u00e3o remota desta quinta-feira entre os parlamentares foi transmitida ao vivo pela TV Assembleia, R\u00e1dio Assembleia e site da Casa.<\/p>\n\n\n\n<p><\/p>\n","protected":false},"excerpt":{"rendered":"<p>O presidente da Assembleia Legislativa do Cear\u00e1, Jos\u00e9 Sarto, comandou, nesta quinta-feira, dia 19 de mar\u00e7o, uma reuni\u00e3o remota com a participa\u00e7\u00e3o de 27 deputados estaduais. Equipes de Tecnologia da Informa\u00e7\u00e3o, de Comunica\u00e7\u00e3o Social e do Departamento Legislativo desenvolveram um sistema de delibera\u00e7\u00e3o remota para realiza\u00e7\u00e3o de vota\u00e7\u00f5es virtuais. \u201cEssa \u00e9 uma a\u00e7\u00e3o in\u00e9dita. O Legislativo Cearense \u00e9 pioneiro em fazer sess\u00f5es de forma remota\u201d, afirmou Jos\u00e9 Sarto. Para esta sexta-feira, dia 20, est\u00e1 programada uma sess\u00e3o deliberativa para&hellip;<\/p>\n","protected":false},"author":1,"featured_media":15966,"comment_status":"open","ping_status":"open","sticky":false,"template":"","format":"standard","meta":{"footnotes":""},"categories":[1],"tags":[],"class_list":["post-15965","post","type-post","status-publish","format-standard","has-post-thumbnail","hentry","category-noticias"],"_links":{"self":[{"href":"https:\/\/blogdorogeriogomes.com.br\/noticias\/wp-json\/wp\/v2\/posts\/15965","targetHints":{"allow":["GET"]}}],"collection":[{"href":"https:\/\/blogdorogeriogomes.com.br\/noticias\/wp-json\/wp\/v2\/posts"}],"about":[{"href":"https:\/\/blogdorogeriogomes.com.br\/noticias\/wp-json\/wp\/v2\/types\/post"}],"author":[{"embeddable":true,"href":"https:\/\/blogdorogeriogomes.com.br\/noticias\/wp-json\/wp\/v2\/users\/1"}],"replies":[{"embeddable":true,"href":"https:\/\/blogdorogeriogomes.com.br\/noticias\/wp-json\/wp\/v2\/comments?post=15965"}],"version-history":[{"count":1,"href":"https:\/\/blogdorogeriogomes.com.br\/noticias\/wp-json\/wp\/v2\/posts\/15965\/revisions"}],"predecessor-version":[{"id":15967,"href":"https:\/\/blogdorogeriogomes.com.br\/noticias\/wp-json\/wp\/v2\/posts\/15965\/revisions\/15967"}],"wp:featuredmedia":[{"embeddable":true,"href":"https:\/\/blogdorogeriogomes.com.br\/noticias\/wp-json\/wp\/v2\/media\/15966"}],"wp:attachment":[{"href":"https:\/\/blogdorogeriogomes.com.br\/noticias\/wp-json\/wp\/v2\/media?parent=15965"}],"wp:term":[{"taxonomy":"category","embeddable":true,"href":"https:\/\/blogdorogeriogomes.com.br\/noticias\/wp-json\/wp\/v2\/categories?post=15965"},{"taxonomy":"post_tag","embeddable":true,"href":"https:\/\/blogdorogeriogomes.com.br\/noticias\/wp-json\/wp\/v2\/tags?post=15965"}],"curies":[{"name":"wp","href":"https:\/\/api.w.org\/{rel}","templated":true}]}}