{"id":15968,"date":"2020-03-19T20:53:10","date_gmt":"2020-03-19T20:53:10","guid":{"rendered":"http:\/\/blogdorogeriogomes.com.br\/?p=15968"},"modified":"2020-03-20T12:13:36","modified_gmt":"2020-03-20T12:13:36","slug":"prefeito-roberto-claudio-anuncia-selecao-publica-para-medicos-e-abertura-de-mais-leitos-de-uti-na-rede-municipal","status":"publish","type":"post","link":"https:\/\/blogdorogeriogomes.com.br\/noticias\/2020\/03\/prefeito-roberto-claudio-anuncia-selecao-publica-para-medicos-e-abertura-de-mais-leitos-de-uti-na-rede-municipal\/","title":{"rendered":"Prefeito Roberto Cl\u00e1udio anuncia sele\u00e7\u00e3o p\u00fablica para m\u00e9dicos e abertura de mais leitos de UTI na rede municipal"},"content":{"rendered":"\n<p>O prefeito de Fortaleza, Roberto Cl\u00e1udio, anunciou nesta quinta-feira, dia 19 de mar\u00e7o, novas iniciativas para o combate ao coronav\u00edrus na Capital cearense. \u201cJ\u00e1 hav\u00edamos anunciado a decis\u00e3o de, na segunda quinzena de abril, abrirmos 44 novos leitos de UTI no IJF2 e, em maio, mais 30, totalizando 74. Assim, aumentamos a capacidade no equipamento para assistir principalmente aos pacientes de risco. Nossa equipe da sa\u00fade identificou que, em um cen\u00e1rio de maior emerg\u00eancia, podemos adaptar boa parte da torre do IJF2 para que ela seja uma torre de servi\u00e7o de UTI, dando uma capacidade de 175 leitos do tipo s\u00f3 no IJF2\u201d, anunciou Roberto Cl\u00e1udio.<\/p>\n\n\n\n<p>Tamb\u00e9m foi anunciada sele\u00e7\u00e3o p\u00fablica para novos m\u00e9dicos que devem atuar no combate \u00e0 epidemia. \u201cFaremos sele\u00e7\u00e3o p\u00fablica de urg\u00eancia para garantir a contrata\u00e7\u00e3o de profissionais preparados e com experi\u00eancia em UTI, para poder fazer funcionar todos esses leitos novos\u201d, disse  Roberto Cl\u00e1udio.<\/p>\n\n\n\n<p>A secret\u00e1ria da Sa\u00fade de Fortaleza, Joana Maciel, lembrou ainda que, em regime especial, 21 postos de sa\u00fade funcionar\u00e3o neste final de semana, nos dias 21 e 22 de mar\u00e7o, para atender demanda espont\u00e2nea da popula\u00e7\u00e3o de 8 \u00e0s 17 horas. S\u00e3o eles:&nbsp;<\/p>\n\n\n\n<p>&#8211; Regional I: Carlos Ribeiro e Floresta<br>&#8211; Regional II: Irm\u00e3 Herc\u00edlia, Rigoberto Romero, Miriam Porto Mota, Fl\u00e1vio Marc\u00edlio e Sandra Nogueira<br>&#8211; Regional III: Anast\u00e1cio Magalh\u00e3es e Lic\u00ednio Nunes<br>&#8211; Regional IV: Lu\u00eds Costa e Parangaba<br>&#8211; Regional V: Maciel de Brito, Paracampos, Jos\u00e9 Walter, Argeu Herbster e Ronaldo Albuquerque<br>&#8211; Regional VI: Messejana, Melo Jaborandi, Alarico Leite, Jangurussu e Edmar Fujita.<\/p>\n\n\n\n<figure class=\"wp-block-gallery columns-1 is-cropped wp-block-gallery-1 is-layout-flex wp-block-gallery-is-layout-flex\"><ul class=\"blocks-gallery-grid\"><li class=\"blocks-gallery-item\"><figure><img loading=\"lazy\" decoding=\"async\" width=\"1024\" height=\"602\" src=\"http:\/\/blogdorogeriogomes.com.br\/wp-content\/uploads\/2020\/03\/19-03-2020-reuni\u00e3o-coronav\u00edrus-1024x602.jpg\" alt=\"\" data-id=\"15969\" data-full-url=\"http:\/\/blogdorogeriogomes.com.br\/wp-content\/uploads\/2020\/03\/19-03-2020-reuni\u00e3o-coronav\u00edrus-scaled.jpg\" data-link=\"http:\/\/blogdorogeriogomes.com.br\/?attachment_id=15969\" class=\"wp-image-15969\" srcset=\"https:\/\/blogdorogeriogomes.com.br\/noticias\/wp-content\/uploads\/2020\/03\/19-03-2020-reuni\u00e3o-coronav\u00edrus-1024x602.jpg 1024w, https:\/\/blogdorogeriogomes.com.br\/noticias\/wp-content\/uploads\/2020\/03\/19-03-2020-reuni\u00e3o-coronav\u00edrus-300x176.jpg 300w, https:\/\/blogdorogeriogomes.com.br\/noticias\/wp-content\/uploads\/2020\/03\/19-03-2020-reuni\u00e3o-coronav\u00edrus-768x451.jpg 768w, https:\/\/blogdorogeriogomes.com.br\/noticias\/wp-content\/uploads\/2020\/03\/19-03-2020-reuni\u00e3o-coronav\u00edrus-1536x902.jpg 1536w, https:\/\/blogdorogeriogomes.com.br\/noticias\/wp-content\/uploads\/2020\/03\/19-03-2020-reuni\u00e3o-coronav\u00edrus-2048x1203.jpg 2048w, https:\/\/blogdorogeriogomes.com.br\/noticias\/wp-content\/uploads\/2020\/03\/19-03-2020-reuni\u00e3o-coronav\u00edrus-800x470.jpg 800w\" sizes=\"auto, (max-width: 1024px) 100vw, 1024px\" \/><\/figure><\/li><\/ul><\/figure>\n","protected":false},"excerpt":{"rendered":"<p>O prefeito de Fortaleza, Roberto Cl\u00e1udio, anunciou nesta quinta-feira, dia 19 de mar\u00e7o, novas iniciativas para o combate ao coronav\u00edrus na Capital cearense. \u201cJ\u00e1 hav\u00edamos anunciado a decis\u00e3o de, na segunda quinzena de abril, abrirmos 44 novos leitos de UTI no IJF2 e, em maio, mais 30, totalizando 74. Assim, aumentamos a capacidade no equipamento para assistir principalmente aos pacientes de risco. Nossa equipe da sa\u00fade identificou que, em um cen\u00e1rio de maior emerg\u00eancia, podemos adaptar boa parte da&hellip;<\/p>\n","protected":false},"author":1,"featured_media":15969,"comment_status":"open","ping_status":"open","sticky":false,"template":"","format":"standard","meta":{"footnotes":""},"categories":[1],"tags":[],"class_list":["post-15968","post","type-post","status-publish","format-standard","has-post-thumbnail","hentry","category-noticias"],"_links":{"self":[{"href":"https:\/\/blogdorogeriogomes.com.br\/noticias\/wp-json\/wp\/v2\/posts\/15968","targetHints":{"allow":["GET"]}}],"collection":[{"href":"https:\/\/blogdorogeriogomes.com.br\/noticias\/wp-json\/wp\/v2\/posts"}],"about":[{"href":"https:\/\/blogdorogeriogomes.com.br\/noticias\/wp-json\/wp\/v2\/types\/post"}],"author":[{"embeddable":true,"href":"https:\/\/blogdorogeriogomes.com.br\/noticias\/wp-json\/wp\/v2\/users\/1"}],"replies":[{"embeddable":true,"href":"https:\/\/blogdorogeriogomes.com.br\/noticias\/wp-json\/wp\/v2\/comments?post=15968"}],"version-history":[{"count":2,"href":"https:\/\/blogdorogeriogomes.com.br\/noticias\/wp-json\/wp\/v2\/posts\/15968\/revisions"}],"predecessor-version":[{"id":15981,"href":"https:\/\/blogdorogeriogomes.com.br\/noticias\/wp-json\/wp\/v2\/posts\/15968\/revisions\/15981"}],"wp:featuredmedia":[{"embeddable":true,"href":"https:\/\/blogdorogeriogomes.com.br\/noticias\/wp-json\/wp\/v2\/media\/15969"}],"wp:attachment":[{"href":"https:\/\/blogdorogeriogomes.com.br\/noticias\/wp-json\/wp\/v2\/media?parent=15968"}],"wp:term":[{"taxonomy":"category","embeddable":true,"href":"https:\/\/blogdorogeriogomes.com.br\/noticias\/wp-json\/wp\/v2\/categories?post=15968"},{"taxonomy":"post_tag","embeddable":true,"href":"https:\/\/blogdorogeriogomes.com.br\/noticias\/wp-json\/wp\/v2\/tags?post=15968"}],"curies":[{"name":"wp","href":"https:\/\/api.w.org\/{rel}","templated":true}]}}