{"id":15971,"date":"2020-03-19T21:58:49","date_gmt":"2020-03-19T21:58:49","guid":{"rendered":"http:\/\/blogdorogeriogomes.com.br\/?p=15971"},"modified":"2020-03-20T12:13:23","modified_gmt":"2020-03-20T12:13:23","slug":"governador-camilo-santana-suspende-funcionamento-do-comercio-e-do-transporte-intermunicipal-por-10-dias-no-ceara","status":"publish","type":"post","link":"https:\/\/blogdorogeriogomes.com.br\/noticias\/2020\/03\/governador-camilo-santana-suspende-funcionamento-do-comercio-e-do-transporte-intermunicipal-por-10-dias-no-ceara\/","title":{"rendered":"Governador Camilo Santana suspende funcionamento do com\u00e9rcio e do transporte intermunicipal por 10 dias no Cear\u00e1"},"content":{"rendered":"\n<p>O governador do Cear\u00e1, Camilo Santana, anunciou novas medidas bastante restritivas para o enfrentamento aos casos de coronav\u00edrus, que subiu para 24 pacientes no Estado. Em live realizada no in\u00edcio da noite desta quinta-feira, dia 19 de mar\u00e7o, ele ressaltou que os pr\u00f3ximos 10 dias ser\u00e3o de quarentena no Cear\u00e1. A prioridade, segundo o governador, \u00e9 promover o isolamento social como forma de evitar a dissemina\u00e7\u00e3o do v\u00edrus.<br>\nAs medidas tomadas por Camilo Santana incluem a suspens\u00e3o por 10 dias do funcionamento de bares, restaurantes, lanchonetes, igrejas, templos religiosos, shoppings. cinemas, academias, clubes, lojas, dentre outros. As barracas de praia ser\u00e3o fechadas. A exce\u00e7\u00e3o fica para supermercados e farm\u00e1cias.<br>\nO servi\u00e7o de transporte rodovi\u00e1rio intermunicipal tamb\u00e9m ser\u00e1 interrompido, a partir de segunda-feira, dia 23 de mar\u00e7o. N\u00e3o ser\u00e1 permitido viagens de \u00f4nibus entre cidades cearenses. O Metr\u00f4 de Fortaleza, Sobral e Cariri deixar\u00e1 de funcionar a partir de s\u00e1bado, dia 21 de mar\u00e7o.<br>\nSer\u00e1 concedido ponto facultativo para servidores estaduais foi decretado at\u00e9 a pr\u00f3xima sexta-feira, dia 27 de mar\u00e7o. Os servi\u00e7os p\u00fablicos ser\u00e3o interrompidos at\u00e9 l\u00e1. Barreiras ser\u00e3o colocadas nas fronteiras do Cear\u00e1. As atividades do setor industrial ser\u00e3o suspensos at\u00e9 o dia 29 de mar\u00e7o, com exce\u00e7\u00e3o ind\u00fastrias farmac\u00eauticas, aliment\u00edcias, de g\u00e1s e \u00e1gua.<br>\nO governador refor\u00e7a o servi\u00e7o de atendimento sobre d\u00favidas e informa\u00e7\u00f5es sobre o coronav\u00edrus no telefone: 08002751474. A central ter\u00e1 profissionais especializados para tirar as d\u00favidas da popula\u00e7\u00e3o.<\/p>\n\n\n\n<p><\/p>\n\n\n\n<p><\/p>\n\n\n\n<p><\/p>\n\n\n\n<p><\/p>\n\n\n\n<figure class=\"wp-block-gallery columns-1 is-cropped wp-block-gallery-1 is-layout-flex wp-block-gallery-is-layout-flex\"><ul class=\"blocks-gallery-grid\"><li class=\"blocks-gallery-item\"><figure><img loading=\"lazy\" decoding=\"async\" width=\"690\" height=\"445\" src=\"http:\/\/blogdorogeriogomes.com.br\/wp-content\/uploads\/2020\/03\/images-71.jpeg\" alt=\"\" data-id=\"15972\" data-full-url=\"http:\/\/blogdorogeriogomes.com.br\/wp-content\/uploads\/2020\/03\/images-71.jpeg\" data-link=\"http:\/\/blogdorogeriogomes.com.br\/?attachment_id=15972\" class=\"wp-image-15972\" srcset=\"https:\/\/blogdorogeriogomes.com.br\/noticias\/wp-content\/uploads\/2020\/03\/images-71.jpeg 690w, https:\/\/blogdorogeriogomes.com.br\/noticias\/wp-content\/uploads\/2020\/03\/images-71-300x193.jpeg 300w\" sizes=\"auto, (max-width: 690px) 100vw, 690px\" \/><\/figure><\/li><\/ul><\/figure>\n","protected":false},"excerpt":{"rendered":"<p>O governador do Cear\u00e1, Camilo Santana, anunciou novas medidas bastante restritivas para o enfrentamento aos casos de coronav\u00edrus, que subiu para 24 pacientes no Estado. Em live realizada no in\u00edcio da noite desta quinta-feira, dia 19 de mar\u00e7o, ele ressaltou que os pr\u00f3ximos 10 dias ser\u00e3o de quarentena no Cear\u00e1. A prioridade, segundo o governador, \u00e9 promover o isolamento social como forma de evitar a dissemina\u00e7\u00e3o do v\u00edrus. As medidas tomadas por Camilo Santana incluem a suspens\u00e3o por 10&hellip;<\/p>\n","protected":false},"author":1,"featured_media":15972,"comment_status":"open","ping_status":"open","sticky":false,"template":"","format":"standard","meta":{"footnotes":""},"categories":[1],"tags":[],"class_list":["post-15971","post","type-post","status-publish","format-standard","has-post-thumbnail","hentry","category-noticias"],"_links":{"self":[{"href":"https:\/\/blogdorogeriogomes.com.br\/noticias\/wp-json\/wp\/v2\/posts\/15971","targetHints":{"allow":["GET"]}}],"collection":[{"href":"https:\/\/blogdorogeriogomes.com.br\/noticias\/wp-json\/wp\/v2\/posts"}],"about":[{"href":"https:\/\/blogdorogeriogomes.com.br\/noticias\/wp-json\/wp\/v2\/types\/post"}],"author":[{"embeddable":true,"href":"https:\/\/blogdorogeriogomes.com.br\/noticias\/wp-json\/wp\/v2\/users\/1"}],"replies":[{"embeddable":true,"href":"https:\/\/blogdorogeriogomes.com.br\/noticias\/wp-json\/wp\/v2\/comments?post=15971"}],"version-history":[{"count":1,"href":"https:\/\/blogdorogeriogomes.com.br\/noticias\/wp-json\/wp\/v2\/posts\/15971\/revisions"}],"predecessor-version":[{"id":15973,"href":"https:\/\/blogdorogeriogomes.com.br\/noticias\/wp-json\/wp\/v2\/posts\/15971\/revisions\/15973"}],"wp:featuredmedia":[{"embeddable":true,"href":"https:\/\/blogdorogeriogomes.com.br\/noticias\/wp-json\/wp\/v2\/media\/15972"}],"wp:attachment":[{"href":"https:\/\/blogdorogeriogomes.com.br\/noticias\/wp-json\/wp\/v2\/media?parent=15971"}],"wp:term":[{"taxonomy":"category","embeddable":true,"href":"https:\/\/blogdorogeriogomes.com.br\/noticias\/wp-json\/wp\/v2\/categories?post=15971"},{"taxonomy":"post_tag","embeddable":true,"href":"https:\/\/blogdorogeriogomes.com.br\/noticias\/wp-json\/wp\/v2\/tags?post=15971"}],"curies":[{"name":"wp","href":"https:\/\/api.w.org\/{rel}","templated":true}]}}