{"id":15984,"date":"2020-03-20T16:12:36","date_gmt":"2020-03-20T16:12:36","guid":{"rendered":"http:\/\/blogdorogeriogomes.com.br\/?p=15984"},"modified":"2020-03-21T13:47:50","modified_gmt":"2020-03-21T13:47:50","slug":"senado-aprova-estado-de-calamidade-publica-no-pais-que-registra-621-casos-e-sete-mortes-por-coronavirus","status":"publish","type":"post","link":"https:\/\/blogdorogeriogomes.com.br\/noticias\/2020\/03\/senado-aprova-estado-de-calamidade-publica-no-pais-que-registra-621-casos-e-sete-mortes-por-coronavirus\/","title":{"rendered":"Senado aprova Estado de Calamidade P\u00fablica no Pa\u00eds, que registra 621 casos e sete mortes por coronav\u00edrus"},"content":{"rendered":"\n<p>Em sess\u00e3o realizada de forma remota, o Senado Federal aprovou nesta sexta-feira, dia 20 de mar\u00e7o, o Projeto de Decreto Legislativo que reconhece a situa\u00e7\u00e3o de calamidade p\u00fablicade<strong>&nbsp;<\/strong>no Brasil. Os efeitos da medida valem at\u00e9 o dia 31 de dezembro de 2020. Assim, o Governo Federal n\u00e3o precisar\u00e1 mais cumprir as metas fiscais. A meta para 2020 \u00e9 de d\u00e9ficit de R$ 124,1 bilh\u00f5es de reais. A medida foi feita para que as despesas possam aumentar al\u00e9m da meta e que mais verbas sejam destinadas a medidas contra o alastramento do coronav\u00edrus.<\/p>\n\n\n\n<p>O Minist\u00e9rio da Sa\u00fade j\u00e1 confirma 621 casos oficiais de infec\u00e7\u00e3o por coronav\u00edrus no pa\u00eds. S\u00e3o sete mortes registradas, sendo cinco em S\u00e3o Paulo e duas no Rio de Janeiro.<\/p>\n\n\n\n<p>Na avalia\u00e7\u00e3o dos especialistas, o pico dos casos na epidemia de Covid-19 no Brasil deve ocorrer no in\u00edcio de abril. Para cada caso notificado da doen\u00e7a hoje, existem outros 15 infectados sem diagn\u00f3stico.<\/p>\n\n\n\n<figure class=\"wp-block-gallery columns-1 is-cropped wp-block-gallery-1 is-layout-flex wp-block-gallery-is-layout-flex\"><ul class=\"blocks-gallery-grid\"><li class=\"blocks-gallery-item\"><figure><img loading=\"lazy\" decoding=\"async\" width=\"799\" height=\"533\" src=\"http:\/\/blogdorogeriogomes.com.br\/wp-content\/uploads\/2020\/03\/49676703316_459cfbd2e8_c.jpg\" alt=\"\" data-id=\"15985\" data-full-url=\"http:\/\/blogdorogeriogomes.com.br\/wp-content\/uploads\/2020\/03\/49676703316_459cfbd2e8_c.jpg\" data-link=\"http:\/\/blogdorogeriogomes.com.br\/?attachment_id=15985\" class=\"wp-image-15985\" srcset=\"https:\/\/blogdorogeriogomes.com.br\/noticias\/wp-content\/uploads\/2020\/03\/49676703316_459cfbd2e8_c.jpg 799w, https:\/\/blogdorogeriogomes.com.br\/noticias\/wp-content\/uploads\/2020\/03\/49676703316_459cfbd2e8_c-300x200.jpg 300w, https:\/\/blogdorogeriogomes.com.br\/noticias\/wp-content\/uploads\/2020\/03\/49676703316_459cfbd2e8_c-768x512.jpg 768w\" sizes=\"auto, (max-width: 799px) 100vw, 799px\" \/><\/figure><\/li><\/ul><\/figure>\n","protected":false},"excerpt":{"rendered":"<p>Em sess\u00e3o realizada de forma remota, o Senado Federal aprovou nesta sexta-feira, dia 20 de mar\u00e7o, o Projeto de Decreto Legislativo que reconhece a situa\u00e7\u00e3o de calamidade p\u00fablicade&nbsp;no Brasil. Os efeitos da medida valem at\u00e9 o dia 31 de dezembro de 2020. Assim, o Governo Federal n\u00e3o precisar\u00e1 mais cumprir as metas fiscais. A meta para 2020 \u00e9 de d\u00e9ficit de R$ 124,1 bilh\u00f5es de reais. A medida foi feita para que as despesas possam aumentar al\u00e9m da meta&hellip;<\/p>\n","protected":false},"author":1,"featured_media":15985,"comment_status":"open","ping_status":"open","sticky":false,"template":"","format":"standard","meta":{"footnotes":""},"categories":[1],"tags":[],"class_list":["post-15984","post","type-post","status-publish","format-standard","has-post-thumbnail","hentry","category-noticias"],"_links":{"self":[{"href":"https:\/\/blogdorogeriogomes.com.br\/noticias\/wp-json\/wp\/v2\/posts\/15984","targetHints":{"allow":["GET"]}}],"collection":[{"href":"https:\/\/blogdorogeriogomes.com.br\/noticias\/wp-json\/wp\/v2\/posts"}],"about":[{"href":"https:\/\/blogdorogeriogomes.com.br\/noticias\/wp-json\/wp\/v2\/types\/post"}],"author":[{"embeddable":true,"href":"https:\/\/blogdorogeriogomes.com.br\/noticias\/wp-json\/wp\/v2\/users\/1"}],"replies":[{"embeddable":true,"href":"https:\/\/blogdorogeriogomes.com.br\/noticias\/wp-json\/wp\/v2\/comments?post=15984"}],"version-history":[{"count":2,"href":"https:\/\/blogdorogeriogomes.com.br\/noticias\/wp-json\/wp\/v2\/posts\/15984\/revisions"}],"predecessor-version":[{"id":15996,"href":"https:\/\/blogdorogeriogomes.com.br\/noticias\/wp-json\/wp\/v2\/posts\/15984\/revisions\/15996"}],"wp:featuredmedia":[{"embeddable":true,"href":"https:\/\/blogdorogeriogomes.com.br\/noticias\/wp-json\/wp\/v2\/media\/15985"}],"wp:attachment":[{"href":"https:\/\/blogdorogeriogomes.com.br\/noticias\/wp-json\/wp\/v2\/media?parent=15984"}],"wp:term":[{"taxonomy":"category","embeddable":true,"href":"https:\/\/blogdorogeriogomes.com.br\/noticias\/wp-json\/wp\/v2\/categories?post=15984"},{"taxonomy":"post_tag","embeddable":true,"href":"https:\/\/blogdorogeriogomes.com.br\/noticias\/wp-json\/wp\/v2\/tags?post=15984"}],"curies":[{"name":"wp","href":"https:\/\/api.w.org\/{rel}","templated":true}]}}