{"id":15987,"date":"2020-03-20T19:27:25","date_gmt":"2020-03-20T19:27:25","guid":{"rendered":"http:\/\/blogdorogeriogomes.com.br\/?p=15987"},"modified":"2020-03-21T13:47:31","modified_gmt":"2020-03-21T13:47:31","slug":"casos-confirmados-de-coronavirus-no-ceara-mais-que-dobram-em-menos-de-24-horas","status":"publish","type":"post","link":"https:\/\/blogdorogeriogomes.com.br\/noticias\/2020\/03\/casos-confirmados-de-coronavirus-no-ceara-mais-que-dobram-em-menos-de-24-horas\/","title":{"rendered":"Casos confirmados de coronav\u00edrus no Cear\u00e1 mais que dobram em menos de 24 horas"},"content":{"rendered":"\n<p><\/p>\n\n\n\n<p>O secret\u00e1rio de Sa\u00fade do Cear\u00e1, Dr. Cabeto, confirmou na tarde desta sexta-feira, dia 20 de mar\u00e7o, que o n\u00famero de casos confirmados do coronav\u00edrus no Estado chegou a 55. Mais do que dobrou em rela\u00e7\u00e3o ao \u00faltimo boletim. Dr. Cabeto considera que o Cear\u00e1 j\u00e1 registra transmiss\u00e3o comunit\u00e1ria da doen\u00e7a. Ou seja, a transmiss\u00e3o ocorre n\u00e3o s\u00f3 de pessoas vindas de outros estados ou do exterior. Acontece entre moradores das pr\u00f3prias cidades.<\/p>\n\n\n\n<p>A partir de agora, Dr. Cabeto aponta que pessoas que t\u00eam formas leves da doen\u00e7a, se n\u00e3o estiverem no grupo de maior risco, n\u00e3o precisam procurar as unidades de sa\u00fade. &#8220;\u00c9 mais importante, do ponto de vista epidemiol\u00f3gico, mapear os casos graves para nos anteciparmos&#8221;, ponderou o secret\u00e1rio de Sa\u00fade do Estado.<\/p>\n\n\n\n<p>No chamado grupo de risco est\u00e3o idosos acima de 80 anos, pessoas em tratamento de c\u00e2ncer, diab\u00e9ticos e com problemas cardiorrespirat\u00f3rios. Em caso de sintomas do coronav\u00edrus, devem procurar atendimento imediato nas unidades de sa\u00fade. Os sintomas mais observados s\u00e3o febre, tosse e dificuldade de respirar. Alguns pacientes podem ter dores, congest\u00e3o nasal, corrimento nasal, dor de garganta ou diarreia. <\/p>\n\n\n\n<figure class=\"wp-block-gallery columns-1 is-cropped wp-block-gallery-1 is-layout-flex wp-block-gallery-is-layout-flex\"><ul class=\"blocks-gallery-grid\"><li class=\"blocks-gallery-item\"><figure><img loading=\"lazy\" decoding=\"async\" width=\"739\" height=\"415\" src=\"http:\/\/blogdorogeriogomes.com.br\/wp-content\/uploads\/2020\/03\/images-75.jpeg\" alt=\"\" data-id=\"15988\" data-full-url=\"http:\/\/blogdorogeriogomes.com.br\/wp-content\/uploads\/2020\/03\/images-75.jpeg\" data-link=\"http:\/\/blogdorogeriogomes.com.br\/?attachment_id=15988\" class=\"wp-image-15988\" srcset=\"https:\/\/blogdorogeriogomes.com.br\/noticias\/wp-content\/uploads\/2020\/03\/images-75.jpeg 739w, https:\/\/blogdorogeriogomes.com.br\/noticias\/wp-content\/uploads\/2020\/03\/images-75-300x168.jpeg 300w\" sizes=\"auto, (max-width: 739px) 100vw, 739px\" \/><\/figure><\/li><\/ul><\/figure>\n\n\n\n<p><\/p>\n","protected":false},"excerpt":{"rendered":"<p>O secret\u00e1rio de Sa\u00fade do Cear\u00e1, Dr. Cabeto, confirmou na tarde desta sexta-feira, dia 20 de mar\u00e7o, que o n\u00famero de casos confirmados do coronav\u00edrus no Estado chegou a 55. Mais do que dobrou em rela\u00e7\u00e3o ao \u00faltimo boletim. Dr. Cabeto considera que o Cear\u00e1 j\u00e1 registra transmiss\u00e3o comunit\u00e1ria da doen\u00e7a. Ou seja, a transmiss\u00e3o ocorre n\u00e3o s\u00f3 de pessoas vindas de outros estados ou do exterior. Acontece entre moradores das pr\u00f3prias cidades. A partir de agora, Dr. Cabeto&hellip;<\/p>\n","protected":false},"author":1,"featured_media":15988,"comment_status":"open","ping_status":"open","sticky":false,"template":"","format":"standard","meta":{"footnotes":""},"categories":[1],"tags":[],"class_list":["post-15987","post","type-post","status-publish","format-standard","has-post-thumbnail","hentry","category-noticias"],"_links":{"self":[{"href":"https:\/\/blogdorogeriogomes.com.br\/noticias\/wp-json\/wp\/v2\/posts\/15987","targetHints":{"allow":["GET"]}}],"collection":[{"href":"https:\/\/blogdorogeriogomes.com.br\/noticias\/wp-json\/wp\/v2\/posts"}],"about":[{"href":"https:\/\/blogdorogeriogomes.com.br\/noticias\/wp-json\/wp\/v2\/types\/post"}],"author":[{"embeddable":true,"href":"https:\/\/blogdorogeriogomes.com.br\/noticias\/wp-json\/wp\/v2\/users\/1"}],"replies":[{"embeddable":true,"href":"https:\/\/blogdorogeriogomes.com.br\/noticias\/wp-json\/wp\/v2\/comments?post=15987"}],"version-history":[{"count":1,"href":"https:\/\/blogdorogeriogomes.com.br\/noticias\/wp-json\/wp\/v2\/posts\/15987\/revisions"}],"predecessor-version":[{"id":15989,"href":"https:\/\/blogdorogeriogomes.com.br\/noticias\/wp-json\/wp\/v2\/posts\/15987\/revisions\/15989"}],"wp:featuredmedia":[{"embeddable":true,"href":"https:\/\/blogdorogeriogomes.com.br\/noticias\/wp-json\/wp\/v2\/media\/15988"}],"wp:attachment":[{"href":"https:\/\/blogdorogeriogomes.com.br\/noticias\/wp-json\/wp\/v2\/media?parent=15987"}],"wp:term":[{"taxonomy":"category","embeddable":true,"href":"https:\/\/blogdorogeriogomes.com.br\/noticias\/wp-json\/wp\/v2\/categories?post=15987"},{"taxonomy":"post_tag","embeddable":true,"href":"https:\/\/blogdorogeriogomes.com.br\/noticias\/wp-json\/wp\/v2\/tags?post=15987"}],"curies":[{"name":"wp","href":"https:\/\/api.w.org\/{rel}","templated":true}]}}