{"id":15993,"date":"2020-03-21T10:42:30","date_gmt":"2020-03-21T10:42:30","guid":{"rendered":"http:\/\/blogdorogeriogomes.com.br\/?p=15993"},"modified":"2020-03-21T13:46:32","modified_gmt":"2020-03-21T13:46:32","slug":"prefeito-de-fortaleza-testa-positivo-para-o-coronavirus-ceara-chega-a-68-casos-confirmados","status":"publish","type":"post","link":"https:\/\/blogdorogeriogomes.com.br\/noticias\/2020\/03\/prefeito-de-fortaleza-testa-positivo-para-o-coronavirus-ceara-chega-a-68-casos-confirmados\/","title":{"rendered":"Prefeito de Fortaleza testa positivo para o coronav\u00edrus. Cear\u00e1 chega a  68 casos confirmados"},"content":{"rendered":"\n<p>O prefeito de Fortaleza, Roberto Cl\u00e1udio, testou positivo para o coronav\u00edrus, na noite desta sexta-feira, dia 20 de mar\u00e7o. Em nota, a Prefeitura informou que o quadro de sa\u00fade de Roberto Cl\u00e1udio \u00e9 assintom\u00e1tico. O chefe do Executivo municipal realizou exame para detec\u00e7\u00e3o do coronav\u00edrus, orientado por especialistas, j\u00e1 que manteve contato com pessoas positivadas. <\/p>\n\n\n\n<p>De acordo com a assessoria da Prefeitura, Roberto Cl\u00e1udio n\u00e3o vai se afastar das fun\u00e7\u00f5es durante o per\u00edodo de quarentena. Ele ir\u00e1 continuar trabalhando de casa, acompanhando as medidas que est\u00e3o sendo tomadas no \u00e2mbito da Capital.<\/p>\n\n\n\n<p>O irm\u00e3o do prefeito Roberto Cl\u00e1udio, o senador Prisco Bezerra (PDT), de 47 anos, j\u00e1 havia testado positivo para doen\u00e7a na quinta-feira, dia 19 de mar\u00e7o.<\/p>\n\n\n\n<p>O Cear\u00e1 tem 68 casos confirmados do coronav\u00edrus, de acordo com o \u00faltimo boletim divulgado pela Secretaria de Sa\u00fade do Cear\u00e1. Fortaleza \u00e9 a cidade com mais contaminados. S\u00e3o 63 pessoas.<\/p>\n\n\n\n<figure class=\"wp-block-gallery columns-1 is-cropped wp-block-gallery-1 is-layout-flex wp-block-gallery-is-layout-flex\"><ul class=\"blocks-gallery-grid\"><li class=\"blocks-gallery-item\"><figure><img loading=\"lazy\" decoding=\"async\" width=\"678\" height=\"452\" src=\"http:\/\/blogdorogeriogomes.com.br\/wp-content\/uploads\/2020\/03\/images-76.jpeg\" alt=\"\" data-id=\"15994\" data-full-url=\"http:\/\/blogdorogeriogomes.com.br\/wp-content\/uploads\/2020\/03\/images-76.jpeg\" data-link=\"http:\/\/blogdorogeriogomes.com.br\/?attachment_id=15994\" class=\"wp-image-15994\" srcset=\"https:\/\/blogdorogeriogomes.com.br\/noticias\/wp-content\/uploads\/2020\/03\/images-76.jpeg 678w, https:\/\/blogdorogeriogomes.com.br\/noticias\/wp-content\/uploads\/2020\/03\/images-76-300x200.jpeg 300w\" sizes=\"auto, (max-width: 678px) 100vw, 678px\" \/><\/figure><\/li><\/ul><\/figure>\n","protected":false},"excerpt":{"rendered":"<p>O prefeito de Fortaleza, Roberto Cl\u00e1udio, testou positivo para o coronav\u00edrus, na noite desta sexta-feira, dia 20 de mar\u00e7o. Em nota, a Prefeitura informou que o quadro de sa\u00fade de Roberto Cl\u00e1udio \u00e9 assintom\u00e1tico. O chefe do Executivo municipal realizou exame para detec\u00e7\u00e3o do coronav\u00edrus, orientado por especialistas, j\u00e1 que manteve contato com pessoas positivadas. De acordo com a assessoria da Prefeitura, Roberto Cl\u00e1udio n\u00e3o vai se afastar das fun\u00e7\u00f5es durante o per\u00edodo de quarentena. Ele ir\u00e1 continuar trabalhando&hellip;<\/p>\n","protected":false},"author":1,"featured_media":15994,"comment_status":"open","ping_status":"open","sticky":false,"template":"","format":"standard","meta":{"footnotes":""},"categories":[1],"tags":[],"class_list":["post-15993","post","type-post","status-publish","format-standard","has-post-thumbnail","hentry","category-noticias"],"_links":{"self":[{"href":"https:\/\/blogdorogeriogomes.com.br\/noticias\/wp-json\/wp\/v2\/posts\/15993","targetHints":{"allow":["GET"]}}],"collection":[{"href":"https:\/\/blogdorogeriogomes.com.br\/noticias\/wp-json\/wp\/v2\/posts"}],"about":[{"href":"https:\/\/blogdorogeriogomes.com.br\/noticias\/wp-json\/wp\/v2\/types\/post"}],"author":[{"embeddable":true,"href":"https:\/\/blogdorogeriogomes.com.br\/noticias\/wp-json\/wp\/v2\/users\/1"}],"replies":[{"embeddable":true,"href":"https:\/\/blogdorogeriogomes.com.br\/noticias\/wp-json\/wp\/v2\/comments?post=15993"}],"version-history":[{"count":1,"href":"https:\/\/blogdorogeriogomes.com.br\/noticias\/wp-json\/wp\/v2\/posts\/15993\/revisions"}],"predecessor-version":[{"id":15995,"href":"https:\/\/blogdorogeriogomes.com.br\/noticias\/wp-json\/wp\/v2\/posts\/15993\/revisions\/15995"}],"wp:featuredmedia":[{"embeddable":true,"href":"https:\/\/blogdorogeriogomes.com.br\/noticias\/wp-json\/wp\/v2\/media\/15994"}],"wp:attachment":[{"href":"https:\/\/blogdorogeriogomes.com.br\/noticias\/wp-json\/wp\/v2\/media?parent=15993"}],"wp:term":[{"taxonomy":"category","embeddable":true,"href":"https:\/\/blogdorogeriogomes.com.br\/noticias\/wp-json\/wp\/v2\/categories?post=15993"},{"taxonomy":"post_tag","embeddable":true,"href":"https:\/\/blogdorogeriogomes.com.br\/noticias\/wp-json\/wp\/v2\/tags?post=15993"}],"curies":[{"name":"wp","href":"https:\/\/api.w.org\/{rel}","templated":true}]}}