{"id":15998,"date":"2020-03-22T11:58:24","date_gmt":"2020-03-22T11:58:24","guid":{"rendered":"http:\/\/blogdorogeriogomes.com.br\/?p=15998"},"modified":"2020-03-23T12:16:26","modified_gmt":"2020-03-23T12:16:26","slug":"casos-de-coronavirus-no-ceara-sobem-para-84-no-brasil-sao-1-128-com-18-obitos","status":"publish","type":"post","link":"https:\/\/blogdorogeriogomes.com.br\/noticias\/2020\/03\/casos-de-coronavirus-no-ceara-sobem-para-84-no-brasil-sao-1-128-com-18-obitos\/","title":{"rendered":"Casos de coronav\u00edrus no Cear\u00e1 sobem para 84. No Brasil, s\u00e3o 1.128 com 18 \u00f3bitos"},"content":{"rendered":"\n<p>O n\u00famero de casos confirmados com o novo coronav\u00edrus no Cear\u00e1 subiu para 84. A informa\u00e7\u00e3o foi divulgada neste s\u00e1bado, dia 21 de mar\u00e7o, pela Secretaria Estadual da Sa\u00fade (Sesa). Fortaleza tem 76 pessoas infectadas. Tamb\u00e9m h\u00e1 registros em Aquiraz (4), Sobral (1), Fortim (1), Juazeiro do Norte (1), al\u00e9m de um residente em S\u00e3o Paulo identificado com a doen\u00e7a no Cear\u00e1.&nbsp;<\/p>\n\n\n\n<p>No Brasil, o Minist\u00e9rio da Sa\u00fade informou que os casos confirmados do novo coronav\u00edrus subiram de 904 para 1.128. Tamb\u00e9m foram contabilizadas 18 mortes por conta da Covid-19.<\/p>\n\n\n\n<p>Os 46 deputados estaduais cearenses ir\u00e3o destinar a quantia de R$ 1 milh\u00e3o a que cada um tem direito em emendas ao Or\u00e7amento Estadual para que o Governo do Estado use os recursos no combate ao coronav\u00edrus. <\/p>\n\n\n\n<p>Em Live no Facebook na noite deste s\u00e1bado, dia 21, o governador Camilo Santana falou para a popula\u00e7\u00e3o sobre a continuidade de a\u00e7\u00f5es para o enfrentamento ao Coronav\u00edrus no Estado. Camilo disse ainda que o Governo segue planejamento para evitar que falte insumos nas unidades de sa\u00fade e destacou a\u00e7\u00f5es na \u00e1rea econ\u00f4mica que ser\u00e3o realizadas. Mas reiterou que o mais importante neste momento \u00e9 salvar vidas. \u201cA economia a gente busca depois recuperar. Vidas a gente tem que salvar\u201d, ressaltou o governador do Cear\u00e1.<\/p>\n\n\n\n<figure class=\"wp-block-gallery columns-1 is-cropped wp-block-gallery-1 is-layout-flex wp-block-gallery-is-layout-flex\"><ul class=\"blocks-gallery-grid\"><li class=\"blocks-gallery-item\"><figure><img loading=\"lazy\" decoding=\"async\" width=\"678\" height=\"452\" src=\"http:\/\/blogdorogeriogomes.com.br\/wp-content\/uploads\/2020\/03\/images-77.jpeg\" alt=\"\" data-id=\"15999\" data-full-url=\"http:\/\/blogdorogeriogomes.com.br\/wp-content\/uploads\/2020\/03\/images-77.jpeg\" data-link=\"http:\/\/blogdorogeriogomes.com.br\/?attachment_id=15999\" class=\"wp-image-15999\" srcset=\"https:\/\/blogdorogeriogomes.com.br\/noticias\/wp-content\/uploads\/2020\/03\/images-77.jpeg 678w, https:\/\/blogdorogeriogomes.com.br\/noticias\/wp-content\/uploads\/2020\/03\/images-77-300x200.jpeg 300w\" sizes=\"auto, (max-width: 678px) 100vw, 678px\" \/><\/figure><\/li><\/ul><\/figure>\n","protected":false},"excerpt":{"rendered":"<p>O n\u00famero de casos confirmados com o novo coronav\u00edrus no Cear\u00e1 subiu para 84. A informa\u00e7\u00e3o foi divulgada neste s\u00e1bado, dia 21 de mar\u00e7o, pela Secretaria Estadual da Sa\u00fade (Sesa). Fortaleza tem 76 pessoas infectadas. Tamb\u00e9m h\u00e1 registros em Aquiraz (4), Sobral (1), Fortim (1), Juazeiro do Norte (1), al\u00e9m de um residente em S\u00e3o Paulo identificado com a doen\u00e7a no Cear\u00e1.&nbsp; No Brasil, o Minist\u00e9rio da Sa\u00fade informou que os casos confirmados do novo coronav\u00edrus subiram de 904&hellip;<\/p>\n","protected":false},"author":1,"featured_media":15999,"comment_status":"open","ping_status":"open","sticky":false,"template":"","format":"standard","meta":{"footnotes":""},"categories":[1],"tags":[],"class_list":["post-15998","post","type-post","status-publish","format-standard","has-post-thumbnail","hentry","category-noticias"],"_links":{"self":[{"href":"https:\/\/blogdorogeriogomes.com.br\/noticias\/wp-json\/wp\/v2\/posts\/15998","targetHints":{"allow":["GET"]}}],"collection":[{"href":"https:\/\/blogdorogeriogomes.com.br\/noticias\/wp-json\/wp\/v2\/posts"}],"about":[{"href":"https:\/\/blogdorogeriogomes.com.br\/noticias\/wp-json\/wp\/v2\/types\/post"}],"author":[{"embeddable":true,"href":"https:\/\/blogdorogeriogomes.com.br\/noticias\/wp-json\/wp\/v2\/users\/1"}],"replies":[{"embeddable":true,"href":"https:\/\/blogdorogeriogomes.com.br\/noticias\/wp-json\/wp\/v2\/comments?post=15998"}],"version-history":[{"count":2,"href":"https:\/\/blogdorogeriogomes.com.br\/noticias\/wp-json\/wp\/v2\/posts\/15998\/revisions"}],"predecessor-version":[{"id":16010,"href":"https:\/\/blogdorogeriogomes.com.br\/noticias\/wp-json\/wp\/v2\/posts\/15998\/revisions\/16010"}],"wp:featuredmedia":[{"embeddable":true,"href":"https:\/\/blogdorogeriogomes.com.br\/noticias\/wp-json\/wp\/v2\/media\/15999"}],"wp:attachment":[{"href":"https:\/\/blogdorogeriogomes.com.br\/noticias\/wp-json\/wp\/v2\/media?parent=15998"}],"wp:term":[{"taxonomy":"category","embeddable":true,"href":"https:\/\/blogdorogeriogomes.com.br\/noticias\/wp-json\/wp\/v2\/categories?post=15998"},{"taxonomy":"post_tag","embeddable":true,"href":"https:\/\/blogdorogeriogomes.com.br\/noticias\/wp-json\/wp\/v2\/tags?post=15998"}],"curies":[{"name":"wp","href":"https:\/\/api.w.org\/{rel}","templated":true}]}}