{"id":16001,"date":"2020-03-22T21:35:13","date_gmt":"2020-03-22T21:35:13","guid":{"rendered":"http:\/\/blogdorogeriogomes.com.br\/?p=16001"},"modified":"2020-03-23T12:16:29","modified_gmt":"2020-03-23T12:16:29","slug":"governo-estadual-vai-isentar-pagamento-da-conta-de-agua-de-338-mil-familias-da-tarifa-social-e-popular-no-ceara","status":"publish","type":"post","link":"https:\/\/blogdorogeriogomes.com.br\/noticias\/2020\/03\/governo-estadual-vai-isentar-pagamento-da-conta-de-agua-de-338-mil-familias-da-tarifa-social-e-popular-no-ceara\/","title":{"rendered":"Governo Estadual vai isentar pagamento da conta de \u00e1gua de 338 mil fam\u00edlias da tarifa social e popular no Cear\u00e1"},"content":{"rendered":"\n<p>Em meio \u00e0s perspectivas de dificuldades financeiras causadas pela paralisa\u00e7\u00e3o da economia, o Governo do Cear\u00e1 anunciou a isen\u00e7\u00e3o da conta de \u00e1gua de 338 mil fam\u00edlias cearenses do padr\u00e3o b\u00e1sico (consumo at\u00e9 10 m3) da tarifa social e tarifa popular de todo o Cear\u00e1. &nbsp;A medida valer\u00e1 por tr\u00eas meses, de abril a junho.&nbsp;<\/p>\n\n\n\n<p>Tamb\u00e9m haver\u00e1 a suspens\u00e3o da taxa de conting\u00eancia para 220 mil fam\u00edlias do padr\u00e3o b\u00e1sico e popular de Fortaleza e Regi\u00e3o Metropolitana.<\/p>\n\n\n\n<p>Na tarde deste domingo, dia 22 de mar\u00e7o, o governador Camilo Santana tamb\u00e9m confirmou o lan\u00e7amento de um edital para artistas cearenses fazerem espet\u00e1culos e shows virtuais, enquanto perdurar a proibi\u00e7\u00e3o de manifesta\u00e7\u00f5es culturais em locais abertos e com concentra\u00e7\u00e3o de pessoas.<\/p>\n\n\n\n<p>Em n\u00fameros atualizados no fim da tarde deste domingo, dia 22, o Cear\u00e1 alcan\u00e7ou 125 casos confirmados do coronav\u00edrus. Entre eles, o deputado estadual Queiroz Filho (PDT), que confirmou pelas redes sociais que seu teste para o covid-19 deu positivo. No Brasil s\u00e3o 1.546 casos e 25 \u00f3bitos.<\/p>\n\n\n\n<p><\/p>\n\n\n\n<figure class=\"wp-block-gallery columns-1 is-cropped wp-block-gallery-1 is-layout-flex wp-block-gallery-is-layout-flex\"><ul class=\"blocks-gallery-grid\"><li class=\"blocks-gallery-item\"><figure><img loading=\"lazy\" decoding=\"async\" width=\"663\" height=\"462\" src=\"http:\/\/blogdorogeriogomes.com.br\/wp-content\/uploads\/2020\/03\/images-78.jpeg\" alt=\"\" data-id=\"16002\" data-full-url=\"http:\/\/blogdorogeriogomes.com.br\/wp-content\/uploads\/2020\/03\/images-78.jpeg\" data-link=\"http:\/\/blogdorogeriogomes.com.br\/?attachment_id=16002\" class=\"wp-image-16002\" srcset=\"https:\/\/blogdorogeriogomes.com.br\/noticias\/wp-content\/uploads\/2020\/03\/images-78.jpeg 663w, https:\/\/blogdorogeriogomes.com.br\/noticias\/wp-content\/uploads\/2020\/03\/images-78-300x209.jpeg 300w\" sizes=\"auto, (max-width: 663px) 100vw, 663px\" \/><\/figure><\/li><\/ul><\/figure>\n","protected":false},"excerpt":{"rendered":"<p>Em meio \u00e0s perspectivas de dificuldades financeiras causadas pela paralisa\u00e7\u00e3o da economia, o Governo do Cear\u00e1 anunciou a isen\u00e7\u00e3o da conta de \u00e1gua de 338 mil fam\u00edlias cearenses do padr\u00e3o b\u00e1sico (consumo at\u00e9 10 m3) da tarifa social e tarifa popular de todo o Cear\u00e1. &nbsp;A medida valer\u00e1 por tr\u00eas meses, de abril a junho.&nbsp; Tamb\u00e9m haver\u00e1 a suspens\u00e3o da taxa de conting\u00eancia para 220 mil fam\u00edlias do padr\u00e3o b\u00e1sico e popular de Fortaleza e Regi\u00e3o Metropolitana. Na tarde&hellip;<\/p>\n","protected":false},"author":1,"featured_media":16002,"comment_status":"open","ping_status":"open","sticky":false,"template":"","format":"standard","meta":{"footnotes":""},"categories":[1],"tags":[],"class_list":["post-16001","post","type-post","status-publish","format-standard","has-post-thumbnail","hentry","category-noticias"],"_links":{"self":[{"href":"https:\/\/blogdorogeriogomes.com.br\/noticias\/wp-json\/wp\/v2\/posts\/16001","targetHints":{"allow":["GET"]}}],"collection":[{"href":"https:\/\/blogdorogeriogomes.com.br\/noticias\/wp-json\/wp\/v2\/posts"}],"about":[{"href":"https:\/\/blogdorogeriogomes.com.br\/noticias\/wp-json\/wp\/v2\/types\/post"}],"author":[{"embeddable":true,"href":"https:\/\/blogdorogeriogomes.com.br\/noticias\/wp-json\/wp\/v2\/users\/1"}],"replies":[{"embeddable":true,"href":"https:\/\/blogdorogeriogomes.com.br\/noticias\/wp-json\/wp\/v2\/comments?post=16001"}],"version-history":[{"count":2,"href":"https:\/\/blogdorogeriogomes.com.br\/noticias\/wp-json\/wp\/v2\/posts\/16001\/revisions"}],"predecessor-version":[{"id":16011,"href":"https:\/\/blogdorogeriogomes.com.br\/noticias\/wp-json\/wp\/v2\/posts\/16001\/revisions\/16011"}],"wp:featuredmedia":[{"embeddable":true,"href":"https:\/\/blogdorogeriogomes.com.br\/noticias\/wp-json\/wp\/v2\/media\/16002"}],"wp:attachment":[{"href":"https:\/\/blogdorogeriogomes.com.br\/noticias\/wp-json\/wp\/v2\/media?parent=16001"}],"wp:term":[{"taxonomy":"category","embeddable":true,"href":"https:\/\/blogdorogeriogomes.com.br\/noticias\/wp-json\/wp\/v2\/categories?post=16001"},{"taxonomy":"post_tag","embeddable":true,"href":"https:\/\/blogdorogeriogomes.com.br\/noticias\/wp-json\/wp\/v2\/tags?post=16001"}],"curies":[{"name":"wp","href":"https:\/\/api.w.org\/{rel}","templated":true}]}}