{"id":16004,"date":"2020-03-23T11:15:52","date_gmt":"2020-03-23T11:15:52","guid":{"rendered":"http:\/\/blogdorogeriogomes.com.br\/?p=16004"},"modified":"2020-03-23T12:16:32","modified_gmt":"2020-03-23T12:16:32","slug":"frente-nacional-dos-prefeitos-apresenta-demandas-ao-ministro-da-saude-em-reuniao-remota","status":"publish","type":"post","link":"https:\/\/blogdorogeriogomes.com.br\/noticias\/2020\/03\/frente-nacional-dos-prefeitos-apresenta-demandas-ao-ministro-da-saude-em-reuniao-remota\/","title":{"rendered":"Frente Nacional dos Prefeitos apresenta demandas ao Ministro da Sa\u00fade em reuni\u00e3o remota"},"content":{"rendered":"\n<p>Os chefes de executivos municipais da Frente Nacional dos Prefeitos tiveram uma confer\u00eancia virtual com o presidente e o ministro da Sa\u00fade, Luiz Henrique Mandetta. Entre eles, o prefeito de Fortaleza, Roberto Cl\u00e1udio.<\/p>\n\n\n\n<p>Os chefes dos Executivos Municipais apresentaram uma s\u00e9rie de demandas ao Governo Federal. Entre elas, a habilita\u00e7\u00e3o de 500 hospitais de pequeno porte, que tenham entre 30 e 60 leitos, para recepcionar pacientes que est\u00e3o internados em unidades de sa\u00fade maiores com Covid-19; apoio financeiro de R$ 1,5 mil por leito por sete dias; apoio financeiro para loca\u00e7\u00e3o e aquisi\u00e7\u00e3o de ambul\u00e2ncia com UTI, por tr\u00eas meses; apoio financeiro de R$ 2 por habitante para instala\u00e7\u00e3o de leitos extras em hospitais de refer\u00eancias nas 438 regi\u00f5es de sa\u00fade do Pa\u00eds; R$ 10 para munic\u00edpios com popula\u00e7\u00e3o acima de 80 mil habitantes para instala\u00e7\u00e3o de leitos extras, contrata\u00e7\u00e3o de pessoal e aquisi\u00e7\u00e3o de insumos e equipamentos; contrata\u00e7\u00e3o imediata de 4 mil m\u00e9dicos cubanos, por meio do Programa Mais M\u00e9dicos; e garantia de testes para diagn\u00f3stico da Covid-19 aos profissionais da Sa\u00fade.<\/p>\n\n\n\n<p>Os gestores municipais tamb\u00e9m pedem a instala\u00e7\u00e3o de um comit\u00ea interfederativo de gest\u00e3o de crise, com a participa\u00e7\u00e3o das tr\u00eas inst\u00e2ncias do Executivo (Governos Federal, Estadual e Municipal), para harmoniza\u00e7\u00e3o das decis\u00f5es governamentais e com reuni\u00f5es remotas di\u00e1rias.<\/p>\n\n\n\n<figure class=\"wp-block-gallery columns-1 is-cropped wp-block-gallery-1 is-layout-flex wp-block-gallery-is-layout-flex\"><ul class=\"blocks-gallery-grid\"><li class=\"blocks-gallery-item\"><figure><img loading=\"lazy\" decoding=\"async\" width=\"1024\" height=\"682\" src=\"http:\/\/blogdorogeriogomes.com.br\/wp-content\/uploads\/2020\/03\/Roberto-Cl\u00e1udio-1-1024x682.jpg\" alt=\"\" data-id=\"16005\" data-full-url=\"http:\/\/blogdorogeriogomes.com.br\/wp-content\/uploads\/2020\/03\/Roberto-Cl\u00e1udio-1.jpg\" data-link=\"http:\/\/blogdorogeriogomes.com.br\/?attachment_id=16005\" class=\"wp-image-16005\" srcset=\"https:\/\/blogdorogeriogomes.com.br\/noticias\/wp-content\/uploads\/2020\/03\/Roberto-Cl\u00e1udio-1-1024x682.jpg 1024w, https:\/\/blogdorogeriogomes.com.br\/noticias\/wp-content\/uploads\/2020\/03\/Roberto-Cl\u00e1udio-1-300x200.jpg 300w, https:\/\/blogdorogeriogomes.com.br\/noticias\/wp-content\/uploads\/2020\/03\/Roberto-Cl\u00e1udio-1-768x512.jpg 768w, https:\/\/blogdorogeriogomes.com.br\/noticias\/wp-content\/uploads\/2020\/03\/Roberto-Cl\u00e1udio-1-1536x1024.jpg 1536w, https:\/\/blogdorogeriogomes.com.br\/noticias\/wp-content\/uploads\/2020\/03\/Roberto-Cl\u00e1udio-1-800x533.jpg 800w, https:\/\/blogdorogeriogomes.com.br\/noticias\/wp-content\/uploads\/2020\/03\/Roberto-Cl\u00e1udio-1.jpg 1763w\" sizes=\"auto, (max-width: 1024px) 100vw, 1024px\" \/><\/figure><\/li><\/ul><\/figure>\n","protected":false},"excerpt":{"rendered":"<p>Os chefes de executivos municipais da Frente Nacional dos Prefeitos tiveram uma confer\u00eancia virtual com o presidente e o ministro da Sa\u00fade, Luiz Henrique Mandetta. Entre eles, o prefeito de Fortaleza, Roberto Cl\u00e1udio. Os chefes dos Executivos Municipais apresentaram uma s\u00e9rie de demandas ao Governo Federal. Entre elas, a habilita\u00e7\u00e3o de 500 hospitais de pequeno porte, que tenham entre 30 e 60 leitos, para recepcionar pacientes que est\u00e3o internados em unidades de sa\u00fade maiores com Covid-19; apoio financeiro de&hellip;<\/p>\n","protected":false},"author":1,"featured_media":16005,"comment_status":"open","ping_status":"open","sticky":false,"template":"","format":"standard","meta":{"footnotes":""},"categories":[1],"tags":[],"class_list":["post-16004","post","type-post","status-publish","format-standard","has-post-thumbnail","hentry","category-noticias"],"_links":{"self":[{"href":"https:\/\/blogdorogeriogomes.com.br\/noticias\/wp-json\/wp\/v2\/posts\/16004","targetHints":{"allow":["GET"]}}],"collection":[{"href":"https:\/\/blogdorogeriogomes.com.br\/noticias\/wp-json\/wp\/v2\/posts"}],"about":[{"href":"https:\/\/blogdorogeriogomes.com.br\/noticias\/wp-json\/wp\/v2\/types\/post"}],"author":[{"embeddable":true,"href":"https:\/\/blogdorogeriogomes.com.br\/noticias\/wp-json\/wp\/v2\/users\/1"}],"replies":[{"embeddable":true,"href":"https:\/\/blogdorogeriogomes.com.br\/noticias\/wp-json\/wp\/v2\/comments?post=16004"}],"version-history":[{"count":1,"href":"https:\/\/blogdorogeriogomes.com.br\/noticias\/wp-json\/wp\/v2\/posts\/16004\/revisions"}],"predecessor-version":[{"id":16006,"href":"https:\/\/blogdorogeriogomes.com.br\/noticias\/wp-json\/wp\/v2\/posts\/16004\/revisions\/16006"}],"wp:featuredmedia":[{"embeddable":true,"href":"https:\/\/blogdorogeriogomes.com.br\/noticias\/wp-json\/wp\/v2\/media\/16005"}],"wp:attachment":[{"href":"https:\/\/blogdorogeriogomes.com.br\/noticias\/wp-json\/wp\/v2\/media?parent=16004"}],"wp:term":[{"taxonomy":"category","embeddable":true,"href":"https:\/\/blogdorogeriogomes.com.br\/noticias\/wp-json\/wp\/v2\/categories?post=16004"},{"taxonomy":"post_tag","embeddable":true,"href":"https:\/\/blogdorogeriogomes.com.br\/noticias\/wp-json\/wp\/v2\/tags?post=16004"}],"curies":[{"name":"wp","href":"https:\/\/api.w.org\/{rel}","templated":true}]}}