{"id":16016,"date":"2020-03-23T15:03:22","date_gmt":"2020-03-23T15:03:22","guid":{"rendered":"http:\/\/blogdorogeriogomes.com.br\/?p=16016"},"modified":"2020-03-24T12:10:47","modified_gmt":"2020-03-24T12:10:47","slug":"estadio-presidente-vargas-em-fortaleza-vai-receber-estrutura-temporaria-de-hospital-para-pacientes-com-coronavirus","status":"publish","type":"post","link":"https:\/\/blogdorogeriogomes.com.br\/noticias\/2020\/03\/estadio-presidente-vargas-em-fortaleza-vai-receber-estrutura-temporaria-de-hospital-para-pacientes-com-coronavirus\/","title":{"rendered":"Est\u00e1dio Presidente Vargas, em Fortaleza, vai receber estrutura tempor\u00e1ria de hospital para pacientes com coronav\u00edrus"},"content":{"rendered":"\n<p>O est\u00e1dio Presidente Vargas, em Fortaleza, vai ganhar uma estrutura tempor\u00e1ria de hospital para atendimento de pacientes com coronav\u00edrus, durante o per\u00edodo de pandemia. O prefeito da Capital, Roberto Cl\u00e1udio anunciou, na manh\u00e3 desta segunda-feira, dia 23 de mar\u00e7o, o in\u00edcio imediato do trabalho para a constru\u00e7\u00e3o da unidade hospitalar, com capacidade de 204 leitos que tamb\u00e9m podem ser adaptados para leitos de UTI.<\/p>\n\n\n\n<p>O novo hospital ter\u00e1 estrutura completa com 17 enfermarias. Ser\u00e1 erguida uma estrutura met\u00e1lica no PV com \u00e1rea de 3.500 metros quadrados. &#8220;J\u00e1 estamos deslocando do Pec\u00e9m toda a estrutura met\u00e1lica. A montagem ser\u00e1 r\u00e1pida. Tamb\u00e9m estamos comprando macas e estruturas b\u00e1sicas&#8221;, disse Roberto Cl\u00e1udio.<\/p>\n\n\n\n<p>A partir desta segunda-feira, o IJF2 tamb\u00e9m j\u00e1 come\u00e7a a disponibilizar leitos de UTI para esses pacientes. \u201cHoje j\u00e1 temos 10 leitos montados. Na pr\u00f3xima semana, ser\u00e3o mais 24 leitos e assim, progressivamente, iremos montar 175 leitos de UTI no IJF2\u201d, afirmou o Prefeito de Fortaleza.<\/p>\n\n\n\n<figure class=\"wp-block-gallery columns-1 is-cropped wp-block-gallery-1 is-layout-flex wp-block-gallery-is-layout-flex\"><ul class=\"blocks-gallery-grid\"><li class=\"blocks-gallery-item\"><figure><img loading=\"lazy\" decoding=\"async\" width=\"689\" height=\"445\" src=\"http:\/\/blogdorogeriogomes.com.br\/wp-content\/uploads\/2020\/03\/images.jpeg\" alt=\"\" data-id=\"16017\" data-full-url=\"http:\/\/blogdorogeriogomes.com.br\/wp-content\/uploads\/2020\/03\/images.jpeg\" data-link=\"http:\/\/blogdorogeriogomes.com.br\/?attachment_id=16017\" class=\"wp-image-16017\" srcset=\"https:\/\/blogdorogeriogomes.com.br\/noticias\/wp-content\/uploads\/2020\/03\/images.jpeg 689w, https:\/\/blogdorogeriogomes.com.br\/noticias\/wp-content\/uploads\/2020\/03\/images-300x194.jpeg 300w\" sizes=\"auto, (max-width: 689px) 100vw, 689px\" \/><\/figure><\/li><\/ul><\/figure>\n","protected":false},"excerpt":{"rendered":"<p>O est\u00e1dio Presidente Vargas, em Fortaleza, vai ganhar uma estrutura tempor\u00e1ria de hospital para atendimento de pacientes com coronav\u00edrus, durante o per\u00edodo de pandemia. O prefeito da Capital, Roberto Cl\u00e1udio anunciou, na manh\u00e3 desta segunda-feira, dia 23 de mar\u00e7o, o in\u00edcio imediato do trabalho para a constru\u00e7\u00e3o da unidade hospitalar, com capacidade de 204 leitos que tamb\u00e9m podem ser adaptados para leitos de UTI. O novo hospital ter\u00e1 estrutura completa com 17 enfermarias. Ser\u00e1 erguida uma estrutura met\u00e1lica no&hellip;<\/p>\n","protected":false},"author":1,"featured_media":16017,"comment_status":"open","ping_status":"open","sticky":false,"template":"","format":"standard","meta":{"footnotes":""},"categories":[1],"tags":[],"class_list":["post-16016","post","type-post","status-publish","format-standard","has-post-thumbnail","hentry","category-noticias"],"_links":{"self":[{"href":"https:\/\/blogdorogeriogomes.com.br\/noticias\/wp-json\/wp\/v2\/posts\/16016","targetHints":{"allow":["GET"]}}],"collection":[{"href":"https:\/\/blogdorogeriogomes.com.br\/noticias\/wp-json\/wp\/v2\/posts"}],"about":[{"href":"https:\/\/blogdorogeriogomes.com.br\/noticias\/wp-json\/wp\/v2\/types\/post"}],"author":[{"embeddable":true,"href":"https:\/\/blogdorogeriogomes.com.br\/noticias\/wp-json\/wp\/v2\/users\/1"}],"replies":[{"embeddable":true,"href":"https:\/\/blogdorogeriogomes.com.br\/noticias\/wp-json\/wp\/v2\/comments?post=16016"}],"version-history":[{"count":1,"href":"https:\/\/blogdorogeriogomes.com.br\/noticias\/wp-json\/wp\/v2\/posts\/16016\/revisions"}],"predecessor-version":[{"id":16018,"href":"https:\/\/blogdorogeriogomes.com.br\/noticias\/wp-json\/wp\/v2\/posts\/16016\/revisions\/16018"}],"wp:featuredmedia":[{"embeddable":true,"href":"https:\/\/blogdorogeriogomes.com.br\/noticias\/wp-json\/wp\/v2\/media\/16017"}],"wp:attachment":[{"href":"https:\/\/blogdorogeriogomes.com.br\/noticias\/wp-json\/wp\/v2\/media?parent=16016"}],"wp:term":[{"taxonomy":"category","embeddable":true,"href":"https:\/\/blogdorogeriogomes.com.br\/noticias\/wp-json\/wp\/v2\/categories?post=16016"},{"taxonomy":"post_tag","embeddable":true,"href":"https:\/\/blogdorogeriogomes.com.br\/noticias\/wp-json\/wp\/v2\/tags?post=16016"}],"curies":[{"name":"wp","href":"https:\/\/api.w.org\/{rel}","templated":true}]}}