{"id":16020,"date":"2020-03-23T15:33:31","date_gmt":"2020-03-23T15:33:31","guid":{"rendered":"http:\/\/blogdorogeriogomes.com.br\/?p=16020"},"modified":"2020-03-24T12:10:24","modified_gmt":"2020-03-24T12:10:24","slug":"ciro-gomes-promete-recorrer-ao-stf-contra-medida-provisoria-de-bolsonaro-que-suspende-contratos-de-trabalho","status":"publish","type":"post","link":"https:\/\/blogdorogeriogomes.com.br\/noticias\/2020\/03\/ciro-gomes-promete-recorrer-ao-stf-contra-medida-provisoria-de-bolsonaro-que-suspende-contratos-de-trabalho\/","title":{"rendered":"Ciro Gomes promete recorrer ao STF contra Medida Provis\u00f3ria de Bolsonaro que suspende contratos de trabalho"},"content":{"rendered":"\n<p>A rea\u00e7\u00e3o a Medida Provis\u00f3ria do presidente Bolsonaro que suspende o contrato de trabalho de funcion\u00e1rios por at\u00e9 quatro meses j\u00e1 come\u00e7a a ter rea\u00e7\u00e3o. O ex-ministro Ciro Gomes (PDT) decidiu entrar com uma a\u00e7\u00e3o no Supremo Tribunal Federal contra a MP de Jair Bolsonaro. &#8220;Uma das coisas mais aberrantes, selvagens, est\u00fapidas sob o ponto de vista t\u00e9cnico, econ\u00f4mico e, mais do que tudo, social. \u00c9 ilegal, confronta a Constitui\u00e7\u00e3o Federal&#8221;, disse Ciro Gomes pelo Twitter.<\/p>\n\n\n\n<p>Segundo o ex-ministro, o Governo Bolsonaro &#8220;est\u00e1 criando um barril de p\u00f3lvora&#8221;. &#8220;O povo que precisa ficar em casa tem de ser apoiado economicamente porque as pessoas t\u00eam contas para pagar, t\u00eam que comer, t\u00eam que comprar rem\u00e9dios, t\u00eam que comprar \u00e1lcool, m\u00e1scaras, e isso s\u00f3 pode ser feito se o governo criar um programa de renda m\u00ednima de cidadania&#8221;, complementou.<\/p>\n\n\n\n<p>Ciro Gomes afirmou que &#8220;vamos ter na imin\u00eancia desta crise sanit\u00e1ria uma explos\u00e3o social provocada pela fome, pela mis\u00e9ria em massa, porque \u00e9 muito irrespons\u00e1vel o que o governo est\u00e1 fazendo&#8221;. &#8220;Vamos imediatamente entrar com uma a\u00e7\u00e3o no Supremo Tribunal Federal, para impedir que esta loucura t\u00e9cnica seja consumada em nosso Pa\u00eds&#8221;, continuou o ex-presidenci\u00e1vel do PDT.<\/p>\n\n\n\n<figure class=\"wp-block-image size-large\"><img loading=\"lazy\" decoding=\"async\" width=\"678\" height=\"452\" src=\"http:\/\/blogdorogeriogomes.com.br\/wp-content\/uploads\/2020\/03\/images-7.jpeg\" alt=\"\" class=\"wp-image-16021\" srcset=\"https:\/\/blogdorogeriogomes.com.br\/noticias\/wp-content\/uploads\/2020\/03\/images-7.jpeg 678w, https:\/\/blogdorogeriogomes.com.br\/noticias\/wp-content\/uploads\/2020\/03\/images-7-300x200.jpeg 300w\" sizes=\"auto, (max-width: 678px) 100vw, 678px\" \/><\/figure>\n","protected":false},"excerpt":{"rendered":"<p>A rea\u00e7\u00e3o a Medida Provis\u00f3ria do presidente Bolsonaro que suspende o contrato de trabalho de funcion\u00e1rios por at\u00e9 quatro meses j\u00e1 come\u00e7a a ter rea\u00e7\u00e3o. O ex-ministro Ciro Gomes (PDT) decidiu entrar com uma a\u00e7\u00e3o no Supremo Tribunal Federal contra a MP de Jair Bolsonaro. &#8220;Uma das coisas mais aberrantes, selvagens, est\u00fapidas sob o ponto de vista t\u00e9cnico, econ\u00f4mico e, mais do que tudo, social. \u00c9 ilegal, confronta a Constitui\u00e7\u00e3o Federal&#8221;, disse Ciro Gomes pelo Twitter. Segundo o ex-ministro,&hellip;<\/p>\n","protected":false},"author":1,"featured_media":16021,"comment_status":"open","ping_status":"open","sticky":false,"template":"","format":"standard","meta":{"footnotes":""},"categories":[1],"tags":[],"class_list":["post-16020","post","type-post","status-publish","format-standard","has-post-thumbnail","hentry","category-noticias"],"_links":{"self":[{"href":"https:\/\/blogdorogeriogomes.com.br\/noticias\/wp-json\/wp\/v2\/posts\/16020","targetHints":{"allow":["GET"]}}],"collection":[{"href":"https:\/\/blogdorogeriogomes.com.br\/noticias\/wp-json\/wp\/v2\/posts"}],"about":[{"href":"https:\/\/blogdorogeriogomes.com.br\/noticias\/wp-json\/wp\/v2\/types\/post"}],"author":[{"embeddable":true,"href":"https:\/\/blogdorogeriogomes.com.br\/noticias\/wp-json\/wp\/v2\/users\/1"}],"replies":[{"embeddable":true,"href":"https:\/\/blogdorogeriogomes.com.br\/noticias\/wp-json\/wp\/v2\/comments?post=16020"}],"version-history":[{"count":1,"href":"https:\/\/blogdorogeriogomes.com.br\/noticias\/wp-json\/wp\/v2\/posts\/16020\/revisions"}],"predecessor-version":[{"id":16022,"href":"https:\/\/blogdorogeriogomes.com.br\/noticias\/wp-json\/wp\/v2\/posts\/16020\/revisions\/16022"}],"wp:featuredmedia":[{"embeddable":true,"href":"https:\/\/blogdorogeriogomes.com.br\/noticias\/wp-json\/wp\/v2\/media\/16021"}],"wp:attachment":[{"href":"https:\/\/blogdorogeriogomes.com.br\/noticias\/wp-json\/wp\/v2\/media?parent=16020"}],"wp:term":[{"taxonomy":"category","embeddable":true,"href":"https:\/\/blogdorogeriogomes.com.br\/noticias\/wp-json\/wp\/v2\/categories?post=16020"},{"taxonomy":"post_tag","embeddable":true,"href":"https:\/\/blogdorogeriogomes.com.br\/noticias\/wp-json\/wp\/v2\/tags?post=16020"}],"curies":[{"name":"wp","href":"https:\/\/api.w.org\/{rel}","templated":true}]}}