{"id":16023,"date":"2020-03-23T17:43:49","date_gmt":"2020-03-23T17:43:49","guid":{"rendered":"http:\/\/blogdorogeriogomes.com.br\/?p=16023"},"modified":"2020-03-24T12:10:10","modified_gmt":"2020-03-24T12:10:10","slug":"bolsonaro-recua-e-revoga-artigo-que-suspendia-salarios-de-trabalhadores-por-ate-quatro-meses","status":"publish","type":"post","link":"https:\/\/blogdorogeriogomes.com.br\/noticias\/2020\/03\/bolsonaro-recua-e-revoga-artigo-que-suspendia-salarios-de-trabalhadores-por-ate-quatro-meses\/","title":{"rendered":"Bolsonaro recua e revoga artigo que suspendia sal\u00e1rios de trabalhadores por at\u00e9 quatro meses"},"content":{"rendered":"\n<p>Diante da repercuss\u00e3o negativa, o presidente Jair Bolsonaro resolveu recuar e anunciou, pelo Twitter, a retirada do artigo 18 da Medida Provis\u00f3ria 927, que previa a suspens\u00e3o de quatro meses de sal\u00e1rio do trabalhador durante a pandemia de coronav\u00edrus. Mais uma ida e vinda do Presidente da Rep\u00fablica em decis\u00f5es que mudam de um dia para o outro.<\/p>\n\n\n\n<p>O presidente da C\u00e2mara dos Deputados, Rodrigo Maia, j\u00e1 tinha manifestado opini\u00e3o contr\u00e1ria \u00e0 medida provis\u00f3ria de Jair Bolsonaro: &#8220;medida provis\u00f3ria capenga&#8221;.<\/p>\n\n\n\n<p><\/p>\n\n\n\n<p><\/p>\n\n\n\n<figure class=\"wp-block-gallery columns-1 is-cropped wp-block-gallery-1 is-layout-flex wp-block-gallery-is-layout-flex\"><ul class=\"blocks-gallery-grid\"><li class=\"blocks-gallery-item\"><figure><img loading=\"lazy\" decoding=\"async\" width=\"678\" height=\"452\" src=\"http:\/\/blogdorogeriogomes.com.br\/wp-content\/uploads\/2020\/03\/images-2.jpeg\" alt=\"\" data-id=\"16024\" data-full-url=\"http:\/\/blogdorogeriogomes.com.br\/wp-content\/uploads\/2020\/03\/images-2.jpeg\" data-link=\"http:\/\/blogdorogeriogomes.com.br\/?attachment_id=16024\" class=\"wp-image-16024\" srcset=\"https:\/\/blogdorogeriogomes.com.br\/noticias\/wp-content\/uploads\/2020\/03\/images-2.jpeg 678w, https:\/\/blogdorogeriogomes.com.br\/noticias\/wp-content\/uploads\/2020\/03\/images-2-300x200.jpeg 300w\" sizes=\"auto, (max-width: 678px) 100vw, 678px\" \/><\/figure><\/li><\/ul><\/figure>\n","protected":false},"excerpt":{"rendered":"<p>Diante da repercuss\u00e3o negativa, o presidente Jair Bolsonaro resolveu recuar e anunciou, pelo Twitter, a retirada do artigo 18 da Medida Provis\u00f3ria 927, que previa a suspens\u00e3o de quatro meses de sal\u00e1rio do trabalhador durante a pandemia de coronav\u00edrus. Mais uma ida e vinda do Presidente da Rep\u00fablica em decis\u00f5es que mudam de um dia para o outro. O presidente da C\u00e2mara dos Deputados, Rodrigo Maia, j\u00e1 tinha manifestado opini\u00e3o contr\u00e1ria \u00e0 medida provis\u00f3ria de Jair Bolsonaro: &#8220;medida provis\u00f3ria&hellip;<\/p>\n","protected":false},"author":1,"featured_media":16024,"comment_status":"open","ping_status":"open","sticky":false,"template":"","format":"standard","meta":{"footnotes":""},"categories":[1],"tags":[],"class_list":["post-16023","post","type-post","status-publish","format-standard","has-post-thumbnail","hentry","category-noticias"],"_links":{"self":[{"href":"https:\/\/blogdorogeriogomes.com.br\/noticias\/wp-json\/wp\/v2\/posts\/16023","targetHints":{"allow":["GET"]}}],"collection":[{"href":"https:\/\/blogdorogeriogomes.com.br\/noticias\/wp-json\/wp\/v2\/posts"}],"about":[{"href":"https:\/\/blogdorogeriogomes.com.br\/noticias\/wp-json\/wp\/v2\/types\/post"}],"author":[{"embeddable":true,"href":"https:\/\/blogdorogeriogomes.com.br\/noticias\/wp-json\/wp\/v2\/users\/1"}],"replies":[{"embeddable":true,"href":"https:\/\/blogdorogeriogomes.com.br\/noticias\/wp-json\/wp\/v2\/comments?post=16023"}],"version-history":[{"count":1,"href":"https:\/\/blogdorogeriogomes.com.br\/noticias\/wp-json\/wp\/v2\/posts\/16023\/revisions"}],"predecessor-version":[{"id":16025,"href":"https:\/\/blogdorogeriogomes.com.br\/noticias\/wp-json\/wp\/v2\/posts\/16023\/revisions\/16025"}],"wp:featuredmedia":[{"embeddable":true,"href":"https:\/\/blogdorogeriogomes.com.br\/noticias\/wp-json\/wp\/v2\/media\/16024"}],"wp:attachment":[{"href":"https:\/\/blogdorogeriogomes.com.br\/noticias\/wp-json\/wp\/v2\/media?parent=16023"}],"wp:term":[{"taxonomy":"category","embeddable":true,"href":"https:\/\/blogdorogeriogomes.com.br\/noticias\/wp-json\/wp\/v2\/categories?post=16023"},{"taxonomy":"post_tag","embeddable":true,"href":"https:\/\/blogdorogeriogomes.com.br\/noticias\/wp-json\/wp\/v2\/tags?post=16023"}],"curies":[{"name":"wp","href":"https:\/\/api.w.org\/{rel}","templated":true}]}}