{"id":16026,"date":"2020-03-23T20:58:25","date_gmt":"2020-03-23T20:58:25","guid":{"rendered":"http:\/\/blogdorogeriogomes.com.br\/?p=16026"},"modified":"2020-03-24T12:09:54","modified_gmt":"2020-03-24T12:09:54","slug":"ceara-tem-agora-164-casos-confirmados-de-coronavirus-no-brasil-sao-1-891-e-34-mortes-registradas-pela-pandemia","status":"publish","type":"post","link":"https:\/\/blogdorogeriogomes.com.br\/noticias\/2020\/03\/ceara-tem-agora-164-casos-confirmados-de-coronavirus-no-brasil-sao-1-891-e-34-mortes-registradas-pela-pandemia\/","title":{"rendered":"Cear\u00e1 tem agora 164 casos confirmados de coronav\u00edrus. No Brasil s\u00e3o 1.891 e 34 mortes registradas pela pandemia"},"content":{"rendered":"\n<p>Boletim divulgado pela Secretaria de Sa\u00fade do Cear\u00e1, nesta segunda-feira, dia 23 de mar\u00e7o, mostra que o n\u00famero de casos de coronav\u00edrus passou de 125 para 164. As ocorr\u00eancias est\u00e3o assim distribu\u00eddas no Cear\u00e1: Fortaleza, com 151; Aquiraz, com 6; Sobral, com 3; Fortim e Juazeiro do Norte, com 1 caso cada; e registro de pacientes infectados em visita ao Estado vindos de S\u00e3o Paulo e Uberl\u00e2ndia (MG).<br>Em todo o Brasil, o Minist\u00e9rio da Sa\u00fade confirma 1.891 casos com o registro de 34 mortes, sendo 30 em S\u00e3o Paulo e 4 no Rio de Janeiro.<\/p>\n\n\n\n<figure class=\"wp-block-gallery columns-1 is-cropped wp-block-gallery-1 is-layout-flex wp-block-gallery-is-layout-flex\"><ul class=\"blocks-gallery-grid\"><li class=\"blocks-gallery-item\"><figure><img loading=\"lazy\" decoding=\"async\" width=\"660\" height=\"360\" src=\"http:\/\/blogdorogeriogomes.com.br\/wp-content\/uploads\/2020\/03\/images-3.jpeg\" alt=\"\" data-id=\"16027\" data-full-url=\"http:\/\/blogdorogeriogomes.com.br\/wp-content\/uploads\/2020\/03\/images-3.jpeg\" data-link=\"http:\/\/blogdorogeriogomes.com.br\/?attachment_id=16027\" class=\"wp-image-16027\" srcset=\"https:\/\/blogdorogeriogomes.com.br\/noticias\/wp-content\/uploads\/2020\/03\/images-3.jpeg 660w, https:\/\/blogdorogeriogomes.com.br\/noticias\/wp-content\/uploads\/2020\/03\/images-3-300x164.jpeg 300w\" sizes=\"auto, (max-width: 660px) 100vw, 660px\" \/><\/figure><\/li><\/ul><\/figure>\n","protected":false},"excerpt":{"rendered":"<p>Boletim divulgado pela Secretaria de Sa\u00fade do Cear\u00e1, nesta segunda-feira, dia 23 de mar\u00e7o, mostra que o n\u00famero de casos de coronav\u00edrus passou de 125 para 164. As ocorr\u00eancias est\u00e3o assim distribu\u00eddas no Cear\u00e1: Fortaleza, com 151; Aquiraz, com 6; Sobral, com 3; Fortim e Juazeiro do Norte, com 1 caso cada; e registro de pacientes infectados em visita ao Estado vindos de S\u00e3o Paulo e Uberl\u00e2ndia (MG).Em todo o Brasil, o Minist\u00e9rio da Sa\u00fade confirma 1.891 casos com&hellip;<\/p>\n","protected":false},"author":1,"featured_media":16027,"comment_status":"open","ping_status":"open","sticky":false,"template":"","format":"standard","meta":{"footnotes":""},"categories":[1],"tags":[],"class_list":["post-16026","post","type-post","status-publish","format-standard","has-post-thumbnail","hentry","category-noticias"],"_links":{"self":[{"href":"https:\/\/blogdorogeriogomes.com.br\/noticias\/wp-json\/wp\/v2\/posts\/16026","targetHints":{"allow":["GET"]}}],"collection":[{"href":"https:\/\/blogdorogeriogomes.com.br\/noticias\/wp-json\/wp\/v2\/posts"}],"about":[{"href":"https:\/\/blogdorogeriogomes.com.br\/noticias\/wp-json\/wp\/v2\/types\/post"}],"author":[{"embeddable":true,"href":"https:\/\/blogdorogeriogomes.com.br\/noticias\/wp-json\/wp\/v2\/users\/1"}],"replies":[{"embeddable":true,"href":"https:\/\/blogdorogeriogomes.com.br\/noticias\/wp-json\/wp\/v2\/comments?post=16026"}],"version-history":[{"count":1,"href":"https:\/\/blogdorogeriogomes.com.br\/noticias\/wp-json\/wp\/v2\/posts\/16026\/revisions"}],"predecessor-version":[{"id":16028,"href":"https:\/\/blogdorogeriogomes.com.br\/noticias\/wp-json\/wp\/v2\/posts\/16026\/revisions\/16028"}],"wp:featuredmedia":[{"embeddable":true,"href":"https:\/\/blogdorogeriogomes.com.br\/noticias\/wp-json\/wp\/v2\/media\/16027"}],"wp:attachment":[{"href":"https:\/\/blogdorogeriogomes.com.br\/noticias\/wp-json\/wp\/v2\/media?parent=16026"}],"wp:term":[{"taxonomy":"category","embeddable":true,"href":"https:\/\/blogdorogeriogomes.com.br\/noticias\/wp-json\/wp\/v2\/categories?post=16026"},{"taxonomy":"post_tag","embeddable":true,"href":"https:\/\/blogdorogeriogomes.com.br\/noticias\/wp-json\/wp\/v2\/tags?post=16026"}],"curies":[{"name":"wp","href":"https:\/\/api.w.org\/{rel}","templated":true}]}}