{"id":16032,"date":"2020-03-24T11:39:18","date_gmt":"2020-03-24T11:39:18","guid":{"rendered":"http:\/\/blogdorogeriogomes.com.br\/?p=16032"},"modified":"2020-03-24T12:09:36","modified_gmt":"2020-03-24T12:09:36","slug":"governadores-do-nordeste-tem-primeira-reuniao-com-bolsonaro-sobre-coronavirus-camilo-santana-avalia-que-planalto-deve-atender-as-reivindicacoes","status":"publish","type":"post","link":"https:\/\/blogdorogeriogomes.com.br\/noticias\/2020\/03\/governadores-do-nordeste-tem-primeira-reuniao-com-bolsonaro-sobre-coronavirus-camilo-santana-avalia-que-planalto-deve-atender-as-reivindicacoes\/","title":{"rendered":"Governadores do Nordeste t\u00eam primeira reuni\u00e3o com Bolsonaro sobre coronav\u00edrus. Camilo Santana avalia que Planalto deve atender \u00e0s reivindica\u00e7\u00f5es"},"content":{"rendered":"\n<p>Os nove governadores do Nordeste se reuniram com o presidente Jair Bolsonaro e sua equipe atrav\u00e9s de videoconfer\u00eancia, nesta segunda-feira, dia 23 de mar\u00e7o. De acordo com o governador do Cear\u00e1, Camilo Santana, o Planalto prometeu atender as reivindica\u00e7\u00f5es dos governadores nordestinos em rela\u00e7\u00e3o ao enfrentamento do coronav\u00edrus. O Cear\u00e1 solicitou ao Governo Federal um aporte de R$ 216,3 milh\u00f5es para a\u00e7\u00f5es contra a pandemia no Cear\u00e1.<\/p>\n\n\n\n<p>De acordo com a Secretaria da Fazenda do Cear\u00e1, o Estado&nbsp;deve deixar de arrecadar, somente em mar\u00e7o deste ano, cerca de R$ 194 milh\u00f5es com o Imposto sobre Circula\u00e7\u00e3o de Mercadorias e Servi\u00e7os (ICMS), o que representa uma queda de 20% em rela\u00e7\u00e3o ao ano passado. <\/p>\n\n\n\n<p>\u201cEntre as principais reivindica\u00e7\u00f5es ao Governo Federal est\u00e1 a transfer\u00eancia de recursos da sa\u00fade para estados e munic\u00edpios pelos pr\u00f3ximos quatro meses, al\u00e9m da necessidade do envio de insumos e equipamentos, como ressaltei na minha fala durante a reuni\u00e3o\u201d, garantiu Camilo Santana.<\/p>\n\n\n\n<p>Em n\u00edvel local, o setor produtivo est\u00e1 propondo ao Governo Estadual o parcelamento do pagamento dos tributos estaduais, com pagamento de 20% de entrada e os demais 80% em 12 parcelas, enquanto durar a crise. Camilo Santana promete analisar todos os pedidos, mas pondera que \u00e9 necess\u00e1rio avaliar os gastos do Estado no enfrentamento \u00e0 pandemia do coronav\u00edrus com pagamentos de pessoal e equipamentos.<\/p>\n\n\n\n<p><\/p>\n\n\n\n<figure class=\"wp-block-gallery columns-1 is-cropped wp-block-gallery-1 is-layout-flex wp-block-gallery-is-layout-flex\"><ul class=\"blocks-gallery-grid\"><li class=\"blocks-gallery-item\"><figure><img loading=\"lazy\" decoding=\"async\" width=\"1024\" height=\"683\" src=\"http:\/\/blogdorogeriogomes.com.br\/wp-content\/uploads\/2020\/03\/ASCOM_6050_T-1200x800-1-1024x683.jpg\" alt=\"\" data-id=\"16033\" data-full-url=\"http:\/\/blogdorogeriogomes.com.br\/wp-content\/uploads\/2020\/03\/ASCOM_6050_T-1200x800-1.jpg\" data-link=\"http:\/\/blogdorogeriogomes.com.br\/?attachment_id=16033\" class=\"wp-image-16033\" srcset=\"https:\/\/blogdorogeriogomes.com.br\/noticias\/wp-content\/uploads\/2020\/03\/ASCOM_6050_T-1200x800-1-1024x683.jpg 1024w, https:\/\/blogdorogeriogomes.com.br\/noticias\/wp-content\/uploads\/2020\/03\/ASCOM_6050_T-1200x800-1-300x200.jpg 300w, https:\/\/blogdorogeriogomes.com.br\/noticias\/wp-content\/uploads\/2020\/03\/ASCOM_6050_T-1200x800-1-768x512.jpg 768w, https:\/\/blogdorogeriogomes.com.br\/noticias\/wp-content\/uploads\/2020\/03\/ASCOM_6050_T-1200x800-1-800x533.jpg 800w, https:\/\/blogdorogeriogomes.com.br\/noticias\/wp-content\/uploads\/2020\/03\/ASCOM_6050_T-1200x800-1.jpg 1200w\" sizes=\"auto, (max-width: 1024px) 100vw, 1024px\" \/><\/figure><\/li><\/ul><\/figure>\n","protected":false},"excerpt":{"rendered":"<p>Os nove governadores do Nordeste se reuniram com o presidente Jair Bolsonaro e sua equipe atrav\u00e9s de videoconfer\u00eancia, nesta segunda-feira, dia 23 de mar\u00e7o. De acordo com o governador do Cear\u00e1, Camilo Santana, o Planalto prometeu atender as reivindica\u00e7\u00f5es dos governadores nordestinos em rela\u00e7\u00e3o ao enfrentamento do coronav\u00edrus. O Cear\u00e1 solicitou ao Governo Federal um aporte de R$ 216,3 milh\u00f5es para a\u00e7\u00f5es contra a pandemia no Cear\u00e1. De acordo com a Secretaria da Fazenda do Cear\u00e1, o Estado&nbsp;deve deixar&hellip;<\/p>\n","protected":false},"author":1,"featured_media":16033,"comment_status":"open","ping_status":"open","sticky":false,"template":"","format":"standard","meta":{"footnotes":""},"categories":[1],"tags":[],"class_list":["post-16032","post","type-post","status-publish","format-standard","has-post-thumbnail","hentry","category-noticias"],"_links":{"self":[{"href":"https:\/\/blogdorogeriogomes.com.br\/noticias\/wp-json\/wp\/v2\/posts\/16032","targetHints":{"allow":["GET"]}}],"collection":[{"href":"https:\/\/blogdorogeriogomes.com.br\/noticias\/wp-json\/wp\/v2\/posts"}],"about":[{"href":"https:\/\/blogdorogeriogomes.com.br\/noticias\/wp-json\/wp\/v2\/types\/post"}],"author":[{"embeddable":true,"href":"https:\/\/blogdorogeriogomes.com.br\/noticias\/wp-json\/wp\/v2\/users\/1"}],"replies":[{"embeddable":true,"href":"https:\/\/blogdorogeriogomes.com.br\/noticias\/wp-json\/wp\/v2\/comments?post=16032"}],"version-history":[{"count":2,"href":"https:\/\/blogdorogeriogomes.com.br\/noticias\/wp-json\/wp\/v2\/posts\/16032\/revisions"}],"predecessor-version":[{"id":16036,"href":"https:\/\/blogdorogeriogomes.com.br\/noticias\/wp-json\/wp\/v2\/posts\/16032\/revisions\/16036"}],"wp:featuredmedia":[{"embeddable":true,"href":"https:\/\/blogdorogeriogomes.com.br\/noticias\/wp-json\/wp\/v2\/media\/16033"}],"wp:attachment":[{"href":"https:\/\/blogdorogeriogomes.com.br\/noticias\/wp-json\/wp\/v2\/media?parent=16032"}],"wp:term":[{"taxonomy":"category","embeddable":true,"href":"https:\/\/blogdorogeriogomes.com.br\/noticias\/wp-json\/wp\/v2\/categories?post=16032"},{"taxonomy":"post_tag","embeddable":true,"href":"https:\/\/blogdorogeriogomes.com.br\/noticias\/wp-json\/wp\/v2\/tags?post=16032"}],"curies":[{"name":"wp","href":"https:\/\/api.w.org\/{rel}","templated":true}]}}