{"id":16037,"date":"2020-03-24T20:58:05","date_gmt":"2020-03-24T20:58:05","guid":{"rendered":"http:\/\/blogdorogeriogomes.com.br\/?p=16037"},"modified":"2020-03-25T04:32:58","modified_gmt":"2020-03-25T04:32:58","slug":"hospital-para-pacientes-com-coronavirus-no-pv-deve-ser-entregue-ate-dia-20-de-abril-diz-prefeitura","status":"publish","type":"post","link":"https:\/\/blogdorogeriogomes.com.br\/noticias\/2020\/03\/hospital-para-pacientes-com-coronavirus-no-pv-deve-ser-entregue-ate-dia-20-de-abril-diz-prefeitura\/","title":{"rendered":"Hospital para pacientes com coronav\u00edrus no PV deve ser entregue at\u00e9 dia 20 de abril, diz Prefeitura"},"content":{"rendered":"\n<p>A obra do hospital para atendimento de pacientes com coronav\u00edrus, no gramado do est\u00e1dio Presidente Vargas, em Fortaleza, est\u00e1 em andamento.&nbsp;Com expectativa de entrega para o dia 20 de abril, o equipamento contar\u00e1 com 204 leitos. Ao todo, ser\u00e3o 17 enfermarias com 12 leitos, toda a base em concreto e estrutura de saneamento, \u00e1gua, hidrel\u00e9trica e gases, que est\u00e1 sendo montada em uma \u00e1rea de 3.500m\u00b2. \u201cEstimamos 500 profissionais nessa nova unidade hospitalar. Temos trabalhando conosco uma organiza\u00e7\u00e3o da Escola Paulista de Medicina, que j\u00e1 est\u00e1 recrutando pessoal daqui e de fora do Cear\u00e1&#8221;, disse o prefeito de Fortaleza, Roberto Cl\u00e1udio.<\/p>\n\n\n\n<p>O chefe do Executivo na Capital confirma que j\u00e1 foi iniciada a distribui\u00e7\u00e3o dos kits de alimenta\u00e7\u00e3o para alunos da rede p\u00fablica municipal. &#8220;Nossa ideia \u00e9 que ao longo da semana a gente entregue um pouco mais de 230 mil kits, de forma gradual e segmentada, para que todas as crian\u00e7as recebam, fazendo an\u00fancio por escola e s\u00e9rie, para evitar aglomera\u00e7\u00e3o&#8221;.<\/p>\n\n\n\n<p>Sobre o funcionamento do transporte p\u00fablico em Fortaleza, o prefeito Roberto Cl\u00e1udio diz estar havendo monitoramento para que n\u00e3o faltem \u00f4nibus para quem est\u00e1 precisando sair para trabalhar. \u201cEstamos com o dobro da oferta, rodando com mais ou menos 25% da demanda de passageiros. Tenho acompanhado os dados em hor\u00e1rio de pico, com terminais completamente vazios e \u00f4nibus andando em hor\u00e1rio de pico com a metade de passageiros dos dias normais. O que aumentou, de fato, foi o tempo entre um \u00f4nibus e outro na parada\u201d, confirmou Roberto Cl\u00e1udio.<\/p>\n\n\n\n<figure class=\"wp-block-gallery columns-1 is-cropped wp-block-gallery-1 is-layout-flex wp-block-gallery-is-layout-flex\"><ul class=\"blocks-gallery-grid\"><li class=\"blocks-gallery-item\"><figure><img loading=\"lazy\" decoding=\"async\" width=\"1024\" height=\"485\" src=\"http:\/\/blogdorogeriogomes.com.br\/wp-content\/uploads\/2020\/03\/01-24-03-2020-PV-1024x485.jpeg\" alt=\"\" data-id=\"16038\" data-full-url=\"http:\/\/blogdorogeriogomes.com.br\/wp-content\/uploads\/2020\/03\/01-24-03-2020-PV.jpeg\" data-link=\"http:\/\/blogdorogeriogomes.com.br\/?attachment_id=16038\" class=\"wp-image-16038\" srcset=\"https:\/\/blogdorogeriogomes.com.br\/noticias\/wp-content\/uploads\/2020\/03\/01-24-03-2020-PV-1024x485.jpeg 1024w, https:\/\/blogdorogeriogomes.com.br\/noticias\/wp-content\/uploads\/2020\/03\/01-24-03-2020-PV-300x142.jpeg 300w, https:\/\/blogdorogeriogomes.com.br\/noticias\/wp-content\/uploads\/2020\/03\/01-24-03-2020-PV-768x364.jpeg 768w, https:\/\/blogdorogeriogomes.com.br\/noticias\/wp-content\/uploads\/2020\/03\/01-24-03-2020-PV-800x379.jpeg 800w, https:\/\/blogdorogeriogomes.com.br\/noticias\/wp-content\/uploads\/2020\/03\/01-24-03-2020-PV.jpeg 1152w\" sizes=\"auto, (max-width: 1024px) 100vw, 1024px\" \/><\/figure><\/li><\/ul><\/figure>\n","protected":false},"excerpt":{"rendered":"<p>A obra do hospital para atendimento de pacientes com coronav\u00edrus, no gramado do est\u00e1dio Presidente Vargas, em Fortaleza, est\u00e1 em andamento.&nbsp;Com expectativa de entrega para o dia 20 de abril, o equipamento contar\u00e1 com 204 leitos. Ao todo, ser\u00e3o 17 enfermarias com 12 leitos, toda a base em concreto e estrutura de saneamento, \u00e1gua, hidrel\u00e9trica e gases, que est\u00e1 sendo montada em uma \u00e1rea de 3.500m\u00b2. \u201cEstimamos 500 profissionais nessa nova unidade hospitalar. Temos trabalhando conosco uma organiza\u00e7\u00e3o da&hellip;<\/p>\n","protected":false},"author":1,"featured_media":16038,"comment_status":"open","ping_status":"open","sticky":false,"template":"","format":"standard","meta":{"footnotes":""},"categories":[1],"tags":[],"class_list":["post-16037","post","type-post","status-publish","format-standard","has-post-thumbnail","hentry","category-noticias"],"_links":{"self":[{"href":"https:\/\/blogdorogeriogomes.com.br\/noticias\/wp-json\/wp\/v2\/posts\/16037","targetHints":{"allow":["GET"]}}],"collection":[{"href":"https:\/\/blogdorogeriogomes.com.br\/noticias\/wp-json\/wp\/v2\/posts"}],"about":[{"href":"https:\/\/blogdorogeriogomes.com.br\/noticias\/wp-json\/wp\/v2\/types\/post"}],"author":[{"embeddable":true,"href":"https:\/\/blogdorogeriogomes.com.br\/noticias\/wp-json\/wp\/v2\/users\/1"}],"replies":[{"embeddable":true,"href":"https:\/\/blogdorogeriogomes.com.br\/noticias\/wp-json\/wp\/v2\/comments?post=16037"}],"version-history":[{"count":2,"href":"https:\/\/blogdorogeriogomes.com.br\/noticias\/wp-json\/wp\/v2\/posts\/16037\/revisions"}],"predecessor-version":[{"id":16052,"href":"https:\/\/blogdorogeriogomes.com.br\/noticias\/wp-json\/wp\/v2\/posts\/16037\/revisions\/16052"}],"wp:featuredmedia":[{"embeddable":true,"href":"https:\/\/blogdorogeriogomes.com.br\/noticias\/wp-json\/wp\/v2\/media\/16038"}],"wp:attachment":[{"href":"https:\/\/blogdorogeriogomes.com.br\/noticias\/wp-json\/wp\/v2\/media?parent=16037"}],"wp:term":[{"taxonomy":"category","embeddable":true,"href":"https:\/\/blogdorogeriogomes.com.br\/noticias\/wp-json\/wp\/v2\/categories?post=16037"},{"taxonomy":"post_tag","embeddable":true,"href":"https:\/\/blogdorogeriogomes.com.br\/noticias\/wp-json\/wp\/v2\/tags?post=16037"}],"curies":[{"name":"wp","href":"https:\/\/api.w.org\/{rel}","templated":true}]}}