{"id":16040,"date":"2020-03-24T21:37:57","date_gmt":"2020-03-24T21:37:57","guid":{"rendered":"http:\/\/blogdorogeriogomes.com.br\/?p=16040"},"modified":"2020-03-25T04:32:40","modified_gmt":"2020-03-25T04:32:40","slug":"assembleia-legislativa-faz-nova-sessao-virtual-e-deputados-elaboram-propostas-para-ajudar-no-enfrentamento-ao-coronavirus","status":"publish","type":"post","link":"https:\/\/blogdorogeriogomes.com.br\/noticias\/2020\/03\/assembleia-legislativa-faz-nova-sessao-virtual-e-deputados-elaboram-propostas-para-ajudar-no-enfrentamento-ao-coronavirus\/","title":{"rendered":"Assembleia Legislativa faz nova sess\u00e3o virtual e deputados elaboram propostas para ajudar no enfrentamento ao coronav\u00edrus"},"content":{"rendered":"\n<p>A Assembleia Legislativa do Cear\u00e1 realizou mais uma sess\u00e3o remota, nesta ter\u00e7a-feira, dia 24 de mar\u00e7o, quando foram discutidos apenas temas relacionados ao combate ao coronav\u00edrus. A sess\u00e3o virtual teve a participa\u00e7\u00e3o de 26 deputados estaduais. Ficou definido que as propostas dos parlamentares sobre o tema sejam organizadas e apresentadas ao Comit\u00ea Estadual de Enfrentamento \u00e0 Pandemia do Coronav\u00edrus no Cear\u00e1. O comit\u00ea re\u00fane 25 \u00f3rg\u00e3os, institui\u00e7\u00f5es e entidades que t\u00eam avaliado permanentemente o quadro da doen\u00e7a no Estado e elaborado estrat\u00e9gias.<\/p>\n\n\n\n<p>Entre as propostas que ser\u00e3o encaminhadas ao comit\u00ea est\u00e3o a concess\u00e3o de benef\u00edcio social \u00e0 popula\u00e7\u00e3o de baixa renda; regula\u00e7\u00e3o da atividade de concession\u00e1rias de \u00e1gua, luz, g\u00e1s e internet, a fim de proibir o corte destes servi\u00e7os durante a crise; redu\u00e7\u00e3o de tributos para desonera\u00e7\u00e3o de itens da cesta b\u00e1sica; vacina\u00e7\u00e3o de pessoas abrigadas e em situa\u00e7\u00e3o de extrema vulnerabilidade social; antecipa\u00e7\u00e3o do Garantia Safra; e outras.<\/p>\n\n\n\n<p>Durante o encontro, os deputados manifestaram a urg\u00eancia de se garantir equipamentos de prote\u00e7\u00e3o individual (EPIs) para profissionais de sa\u00fade e trabalhadores de servi\u00e7os essenciais em todo o Estado. Prefeituras do Interior t\u00eam relatado dificuldades para adquirir esses materiais e tamb\u00e9m equipamentos. Por isso, parlamentares defendem que o Governo adote medidas para ajudar os Munic\u00edpios.<\/p>\n\n\n\n<p><\/p>\n\n\n\n<p><\/p>\n\n\n\n<p><\/p>\n\n\n\n<figure class=\"wp-block-gallery columns-1 is-cropped wp-block-gallery-1 is-layout-flex wp-block-gallery-is-layout-flex\"><ul class=\"blocks-gallery-grid\"><li class=\"blocks-gallery-item\"><figure><img loading=\"lazy\" decoding=\"async\" width=\"1024\" height=\"576\" src=\"http:\/\/blogdorogeriogomes.com.br\/wp-content\/uploads\/2020\/03\/IMG-20200324-WA0209-1024x576.jpg\" alt=\"\" data-id=\"16042\" data-full-url=\"http:\/\/blogdorogeriogomes.com.br\/wp-content\/uploads\/2020\/03\/IMG-20200324-WA0209.jpg\" data-link=\"http:\/\/blogdorogeriogomes.com.br\/?attachment_id=16042\" class=\"wp-image-16042\" srcset=\"https:\/\/blogdorogeriogomes.com.br\/noticias\/wp-content\/uploads\/2020\/03\/IMG-20200324-WA0209-1024x576.jpg 1024w, https:\/\/blogdorogeriogomes.com.br\/noticias\/wp-content\/uploads\/2020\/03\/IMG-20200324-WA0209-300x169.jpg 300w, https:\/\/blogdorogeriogomes.com.br\/noticias\/wp-content\/uploads\/2020\/03\/IMG-20200324-WA0209-768x432.jpg 768w, https:\/\/blogdorogeriogomes.com.br\/noticias\/wp-content\/uploads\/2020\/03\/IMG-20200324-WA0209-800x450.jpg 800w, https:\/\/blogdorogeriogomes.com.br\/noticias\/wp-content\/uploads\/2020\/03\/IMG-20200324-WA0209.jpg 1280w\" sizes=\"auto, (max-width: 1024px) 100vw, 1024px\" \/><\/figure><\/li><\/ul><\/figure>\n","protected":false},"excerpt":{"rendered":"<p>A Assembleia Legislativa do Cear\u00e1 realizou mais uma sess\u00e3o remota, nesta ter\u00e7a-feira, dia 24 de mar\u00e7o, quando foram discutidos apenas temas relacionados ao combate ao coronav\u00edrus. A sess\u00e3o virtual teve a participa\u00e7\u00e3o de 26 deputados estaduais. Ficou definido que as propostas dos parlamentares sobre o tema sejam organizadas e apresentadas ao Comit\u00ea Estadual de Enfrentamento \u00e0 Pandemia do Coronav\u00edrus no Cear\u00e1. O comit\u00ea re\u00fane 25 \u00f3rg\u00e3os, institui\u00e7\u00f5es e entidades que t\u00eam avaliado permanentemente o quadro da doen\u00e7a no Estado&hellip;<\/p>\n","protected":false},"author":1,"featured_media":16042,"comment_status":"open","ping_status":"open","sticky":false,"template":"","format":"standard","meta":{"footnotes":""},"categories":[1],"tags":[],"class_list":["post-16040","post","type-post","status-publish","format-standard","has-post-thumbnail","hentry","category-noticias"],"_links":{"self":[{"href":"https:\/\/blogdorogeriogomes.com.br\/noticias\/wp-json\/wp\/v2\/posts\/16040","targetHints":{"allow":["GET"]}}],"collection":[{"href":"https:\/\/blogdorogeriogomes.com.br\/noticias\/wp-json\/wp\/v2\/posts"}],"about":[{"href":"https:\/\/blogdorogeriogomes.com.br\/noticias\/wp-json\/wp\/v2\/types\/post"}],"author":[{"embeddable":true,"href":"https:\/\/blogdorogeriogomes.com.br\/noticias\/wp-json\/wp\/v2\/users\/1"}],"replies":[{"embeddable":true,"href":"https:\/\/blogdorogeriogomes.com.br\/noticias\/wp-json\/wp\/v2\/comments?post=16040"}],"version-history":[{"count":1,"href":"https:\/\/blogdorogeriogomes.com.br\/noticias\/wp-json\/wp\/v2\/posts\/16040\/revisions"}],"predecessor-version":[{"id":16043,"href":"https:\/\/blogdorogeriogomes.com.br\/noticias\/wp-json\/wp\/v2\/posts\/16040\/revisions\/16043"}],"wp:featuredmedia":[{"embeddable":true,"href":"https:\/\/blogdorogeriogomes.com.br\/noticias\/wp-json\/wp\/v2\/media\/16042"}],"wp:attachment":[{"href":"https:\/\/blogdorogeriogomes.com.br\/noticias\/wp-json\/wp\/v2\/media?parent=16040"}],"wp:term":[{"taxonomy":"category","embeddable":true,"href":"https:\/\/blogdorogeriogomes.com.br\/noticias\/wp-json\/wp\/v2\/categories?post=16040"},{"taxonomy":"post_tag","embeddable":true,"href":"https:\/\/blogdorogeriogomes.com.br\/noticias\/wp-json\/wp\/v2\/tags?post=16040"}],"curies":[{"name":"wp","href":"https:\/\/api.w.org\/{rel}","templated":true}]}}