{"id":16045,"date":"2020-03-25T00:00:27","date_gmt":"2020-03-25T00:00:27","guid":{"rendered":"http:\/\/blogdorogeriogomes.com.br\/?p=16045"},"modified":"2020-03-25T04:31:45","modified_gmt":"2020-03-25T04:31:45","slug":"ceara-tem-185-pessoas-confirmadas-com-coronavirus-30-estao-internadas-com-quadro-grave-em-utis","status":"publish","type":"post","link":"https:\/\/blogdorogeriogomes.com.br\/noticias\/2020\/03\/ceara-tem-185-pessoas-confirmadas-com-coronavirus-30-estao-internadas-com-quadro-grave-em-utis\/","title":{"rendered":"Cear\u00e1 tem 185 pessoas confirmadas com coronav\u00edrus. 30 est\u00e3o internadas com quadro grave em UTIs"},"content":{"rendered":"\n<p>A Secretaria de Sa\u00fade do Cear\u00e1 (Sesa) confirma 185 pessoas no Estado com o coronav\u00edrus, de acordo com o boletim divulgado nesta ter\u00e7a-feira, dia 24 de mar\u00e7o. O secret\u00e1rio da Sesa, Dr. Cabeto, acrescenta que no Cear\u00e1 h\u00e1 hoje 30 pacientes, com a doen\u00e7a, internados em estado grave em leitos de UTI.<\/p>\n\n\n\n<p>\u201cTemos hoje em torno de 270 pacientes internados (entre suspeitos e casos confirmados). Desse total, quase 30 est\u00e3o em UTIs, esses evidentemente em estado mais grave\u201d, disse. <\/p>\n\n\n\n<p>O Governo do Cear\u00e1 anunciou ainda, nesta ter\u00e7a-feira, a abertura de 150 novos leitos para tratamento do coronav\u00edrus no Estado. Os novos equipamentos funcionar\u00e3o em hospitais de campanha montados ao lado do Hospital Geral de Fortaleza (HGF), do Hospital C\u00e9sar Cals e do Hospital do Cora\u00e7\u00e3o de Messejana.<\/p>\n\n\n\n<p>Outra boa not\u00edcia \u00e9 que o governador Camilo Santana confirmou que a Ag\u00eancia Nacional de Energia El\u00e9trica (Aneel) suspendeu por 90 dias os cortes de energia el\u00e9trica nas resid\u00eancias dos usu\u00e1rios que estejam com atrasos no pagamento da fatura. Os cortes efetuados pela Enel Distribui\u00e7\u00e3o n\u00f3s \u00faltimos dias geraram protestos de consumidores, que reclamam estar prejudicados financeiramente por causa da pandemia do coronav\u00edrus.<\/p>\n\n\n\n<figure class=\"wp-block-gallery columns-1 is-cropped wp-block-gallery-1 is-layout-flex wp-block-gallery-is-layout-flex\"><ul class=\"blocks-gallery-grid\"><li class=\"blocks-gallery-item\"><figure><img loading=\"lazy\" decoding=\"async\" width=\"750\" height=\"498\" src=\"http:\/\/blogdorogeriogomes.com.br\/wp-content\/uploads\/2020\/03\/1_cabeto_saude_ceara_coronavirus_foto_divulgacao_sesa-12265328.jpeg\" alt=\"\" data-id=\"16046\" data-full-url=\"http:\/\/blogdorogeriogomes.com.br\/wp-content\/uploads\/2020\/03\/1_cabeto_saude_ceara_coronavirus_foto_divulgacao_sesa-12265328.jpeg\" data-link=\"http:\/\/blogdorogeriogomes.com.br\/?attachment_id=16046\" class=\"wp-image-16046\" srcset=\"https:\/\/blogdorogeriogomes.com.br\/noticias\/wp-content\/uploads\/2020\/03\/1_cabeto_saude_ceara_coronavirus_foto_divulgacao_sesa-12265328.jpeg 750w, https:\/\/blogdorogeriogomes.com.br\/noticias\/wp-content\/uploads\/2020\/03\/1_cabeto_saude_ceara_coronavirus_foto_divulgacao_sesa-12265328-300x199.jpeg 300w\" sizes=\"auto, (max-width: 750px) 100vw, 750px\" \/><\/figure><\/li><\/ul><\/figure>\n","protected":false},"excerpt":{"rendered":"<p>A Secretaria de Sa\u00fade do Cear\u00e1 (Sesa) confirma 185 pessoas no Estado com o coronav\u00edrus, de acordo com o boletim divulgado nesta ter\u00e7a-feira, dia 24 de mar\u00e7o. O secret\u00e1rio da Sesa, Dr. Cabeto, acrescenta que no Cear\u00e1 h\u00e1 hoje 30 pacientes, com a doen\u00e7a, internados em estado grave em leitos de UTI. \u201cTemos hoje em torno de 270 pacientes internados (entre suspeitos e casos confirmados). Desse total, quase 30 est\u00e3o em UTIs, esses evidentemente em estado mais grave\u201d, disse.&hellip;<\/p>\n","protected":false},"author":1,"featured_media":16046,"comment_status":"open","ping_status":"open","sticky":false,"template":"","format":"standard","meta":{"footnotes":""},"categories":[1],"tags":[],"class_list":["post-16045","post","type-post","status-publish","format-standard","has-post-thumbnail","hentry","category-noticias"],"_links":{"self":[{"href":"https:\/\/blogdorogeriogomes.com.br\/noticias\/wp-json\/wp\/v2\/posts\/16045","targetHints":{"allow":["GET"]}}],"collection":[{"href":"https:\/\/blogdorogeriogomes.com.br\/noticias\/wp-json\/wp\/v2\/posts"}],"about":[{"href":"https:\/\/blogdorogeriogomes.com.br\/noticias\/wp-json\/wp\/v2\/types\/post"}],"author":[{"embeddable":true,"href":"https:\/\/blogdorogeriogomes.com.br\/noticias\/wp-json\/wp\/v2\/users\/1"}],"replies":[{"embeddable":true,"href":"https:\/\/blogdorogeriogomes.com.br\/noticias\/wp-json\/wp\/v2\/comments?post=16045"}],"version-history":[{"count":1,"href":"https:\/\/blogdorogeriogomes.com.br\/noticias\/wp-json\/wp\/v2\/posts\/16045\/revisions"}],"predecessor-version":[{"id":16047,"href":"https:\/\/blogdorogeriogomes.com.br\/noticias\/wp-json\/wp\/v2\/posts\/16045\/revisions\/16047"}],"wp:featuredmedia":[{"embeddable":true,"href":"https:\/\/blogdorogeriogomes.com.br\/noticias\/wp-json\/wp\/v2\/media\/16046"}],"wp:attachment":[{"href":"https:\/\/blogdorogeriogomes.com.br\/noticias\/wp-json\/wp\/v2\/media?parent=16045"}],"wp:term":[{"taxonomy":"category","embeddable":true,"href":"https:\/\/blogdorogeriogomes.com.br\/noticias\/wp-json\/wp\/v2\/categories?post=16045"},{"taxonomy":"post_tag","embeddable":true,"href":"https:\/\/blogdorogeriogomes.com.br\/noticias\/wp-json\/wp\/v2\/tags?post=16045"}],"curies":[{"name":"wp","href":"https:\/\/api.w.org\/{rel}","templated":true}]}}