{"id":16048,"date":"2020-03-25T00:54:43","date_gmt":"2020-03-25T00:54:43","guid":{"rendered":"http:\/\/blogdorogeriogomes.com.br\/?p=16048"},"modified":"2020-03-25T04:31:24","modified_gmt":"2020-03-25T04:31:24","slug":"bolsonaro-sobe-o-tom-contra-governadores-ataca-a-imprensa-e-defende-reabertura-do-comercio-e-das-escolas","status":"publish","type":"post","link":"https:\/\/blogdorogeriogomes.com.br\/noticias\/2020\/03\/bolsonaro-sobe-o-tom-contra-governadores-ataca-a-imprensa-e-defende-reabertura-do-comercio-e-das-escolas\/","title":{"rendered":"Bolsonaro sobe o tom contra governadores, ataca a imprensa e defende reabertura do com\u00e9rcio e das escolas"},"content":{"rendered":"\n<p>O discurso do presidente Jair Bolsonaro em  pronunciamento no r\u00e1dio e na TV, na noite desta ter\u00e7a-feira, dia 24 de mar\u00e7o, vai de encontro ao que defendem os chefes de Estado de todo o mundo. At\u00e9 mesmo o \u00eddolo dele, o presidente dos EUA, Donald Trump. Bolsonaro quer o fim do confinamento. Totalmente contra o que vem sendo recomendado pela Organiza\u00e7\u00e3o Mundial da Sa\u00fade (OMS).<\/p>\n\n\n\n<p>Bolsonaro voltou a minimizar a gravidade da pandemia do novo coronav\u00edrus e defendeu a reabertura do com\u00e9rcio e das escolas. Uma fala que beira a irresponsabilidade diante do crescimento de casos da doen\u00e7a no Pa\u00eds. E com mortes. No Brasil s\u00e3o 2.201 casos confirmados com 46 mortos.<\/p>\n\n\n\n<p>Bolsonaro desdenhou novamente com o coronav\u00edrus, comparando a pandemia a uma &#8220;gripezinha&#8221; ou &#8220;resfriadinho&#8221;. Ele quer que prefeitos e governadores abandonem &#8220;o conceito de terra arrasada&#8221;. O Presidente da Rep\u00fablica ainda defendeu a volta do funcionamento das escolas. &#8220;O grupo de risco \u00e9 o das pessoas acima de 60 anos. Ent\u00e3o, por que fechar escolas? Raros s\u00e3o os casos fatais de pessoas s\u00e3s com menos de 40 anos&#8221;, afirmou Bolsonaro.&nbsp;Na falta de argumentos para enfrentar o problema, voltou a atacar a m\u00eddia, que vem cumprindo o seu papel de informar a popula\u00e7\u00e3o e mostrar a realidade do que vem ocorrendo no mundo.<\/p>\n\n\n\n<p>\u00c9 impressionante a falta de preocupa\u00e7\u00e3o de Bolsonaro com a popula\u00e7\u00e3o mais pobre, com os mais vulner\u00e1veis, com os idosos. \u00c9 de uma falta de humanidade sem precedentes. Como um discurso com esse conte\u00fado, em momento de uma crise de sa\u00fade p\u00fablica, pode partir do Chefe da Na\u00e7\u00e3o? As consequ\u00eancias ainda s\u00e3o imprevis\u00edveis. Mas, n\u00e3o tenho d\u00favidas, ser\u00e3o grav\u00edssimas.<\/p>\n\n\n\n<p>No momento do pronunciamento de Bolsonaro, panela\u00e7os voltaram a ser ouvidos em v\u00e1rias capitais do Pa\u00eds, como S\u00e3o Paulo, Bras\u00edlia, Rio de Janeiro, Curitiba, Porto Alegre, Belo Horizonte, Salvador e Fortaleza.<\/p>\n\n\n\n<figure class=\"wp-block-gallery columns-1 is-cropped wp-block-gallery-1 is-layout-flex wp-block-gallery-is-layout-flex\"><ul class=\"blocks-gallery-grid\"><li class=\"blocks-gallery-item\"><figure><img loading=\"lazy\" decoding=\"async\" width=\"450\" height=\"337\" src=\"http:\/\/blogdorogeriogomes.com.br\/wp-content\/uploads\/2020\/03\/images-6.jpeg\" alt=\"\" data-id=\"16049\" data-full-url=\"http:\/\/blogdorogeriogomes.com.br\/wp-content\/uploads\/2020\/03\/images-6.jpeg\" data-link=\"http:\/\/blogdorogeriogomes.com.br\/?attachment_id=16049\" class=\"wp-image-16049\" srcset=\"https:\/\/blogdorogeriogomes.com.br\/noticias\/wp-content\/uploads\/2020\/03\/images-6.jpeg 450w, https:\/\/blogdorogeriogomes.com.br\/noticias\/wp-content\/uploads\/2020\/03\/images-6-300x225.jpeg 300w, https:\/\/blogdorogeriogomes.com.br\/noticias\/wp-content\/uploads\/2020\/03\/images-6-400x300.jpeg 400w\" sizes=\"auto, (max-width: 450px) 100vw, 450px\" \/><\/figure><\/li><\/ul><\/figure>\n","protected":false},"excerpt":{"rendered":"<p>O discurso do presidente Jair Bolsonaro em pronunciamento no r\u00e1dio e na TV, na noite desta ter\u00e7a-feira, dia 24 de mar\u00e7o, vai de encontro ao que defendem os chefes de Estado de todo o mundo. At\u00e9 mesmo o \u00eddolo dele, o presidente dos EUA, Donald Trump. Bolsonaro quer o fim do confinamento. Totalmente contra o que vem sendo recomendado pela Organiza\u00e7\u00e3o Mundial da Sa\u00fade (OMS). Bolsonaro voltou a minimizar a gravidade da pandemia do novo coronav\u00edrus e defendeu a&hellip;<\/p>\n","protected":false},"author":1,"featured_media":16049,"comment_status":"open","ping_status":"open","sticky":false,"template":"","format":"standard","meta":{"footnotes":""},"categories":[1],"tags":[],"class_list":["post-16048","post","type-post","status-publish","format-standard","has-post-thumbnail","hentry","category-noticias"],"_links":{"self":[{"href":"https:\/\/blogdorogeriogomes.com.br\/noticias\/wp-json\/wp\/v2\/posts\/16048","targetHints":{"allow":["GET"]}}],"collection":[{"href":"https:\/\/blogdorogeriogomes.com.br\/noticias\/wp-json\/wp\/v2\/posts"}],"about":[{"href":"https:\/\/blogdorogeriogomes.com.br\/noticias\/wp-json\/wp\/v2\/types\/post"}],"author":[{"embeddable":true,"href":"https:\/\/blogdorogeriogomes.com.br\/noticias\/wp-json\/wp\/v2\/users\/1"}],"replies":[{"embeddable":true,"href":"https:\/\/blogdorogeriogomes.com.br\/noticias\/wp-json\/wp\/v2\/comments?post=16048"}],"version-history":[{"count":2,"href":"https:\/\/blogdorogeriogomes.com.br\/noticias\/wp-json\/wp\/v2\/posts\/16048\/revisions"}],"predecessor-version":[{"id":16051,"href":"https:\/\/blogdorogeriogomes.com.br\/noticias\/wp-json\/wp\/v2\/posts\/16048\/revisions\/16051"}],"wp:featuredmedia":[{"embeddable":true,"href":"https:\/\/blogdorogeriogomes.com.br\/noticias\/wp-json\/wp\/v2\/media\/16049"}],"wp:attachment":[{"href":"https:\/\/blogdorogeriogomes.com.br\/noticias\/wp-json\/wp\/v2\/media?parent=16048"}],"wp:term":[{"taxonomy":"category","embeddable":true,"href":"https:\/\/blogdorogeriogomes.com.br\/noticias\/wp-json\/wp\/v2\/categories?post=16048"},{"taxonomy":"post_tag","embeddable":true,"href":"https:\/\/blogdorogeriogomes.com.br\/noticias\/wp-json\/wp\/v2\/tags?post=16048"}],"curies":[{"name":"wp","href":"https:\/\/api.w.org\/{rel}","templated":true}]}}