{"id":16053,"date":"2020-03-25T11:48:29","date_gmt":"2020-03-25T11:48:29","guid":{"rendered":"http:\/\/blogdorogeriogomes.com.br\/?p=16053"},"modified":"2020-03-25T12:31:09","modified_gmt":"2020-03-25T12:31:09","slug":"camilo-santana-e-roberto-claudio-lamentam-discurso-de-bolsonaro-e-reafirmam-compromisso-de-proteger-a-populacao-do-coronavirus","status":"publish","type":"post","link":"https:\/\/blogdorogeriogomes.com.br\/noticias\/2020\/03\/camilo-santana-e-roberto-claudio-lamentam-discurso-de-bolsonaro-e-reafirmam-compromisso-de-proteger-a-populacao-do-coronavirus\/","title":{"rendered":"Camilo Santana e Roberto Cl\u00e1udio lamentam discurso de Bolsonaro e reafirmam compromisso de proteger a popula\u00e7\u00e3o do coronav\u00edrus"},"content":{"rendered":"\n<p>A rea\u00e7\u00e3o pol\u00edtica ao pronunciamento do presidente Jair Bolsonaro, na noite desta ter\u00e7a-feira, dia 24 de mar\u00e7o, foi de indigna\u00e7\u00e3o entre aliados e oposi\u00e7\u00e3o. No Congresso, palavras duras contra o Chefe da Na\u00e7\u00e3o pelos parlamentares. Entre os governadores, um sentimento que Bolsonaro se isola e vai de encontro at\u00e9 \u00e0s medidas tomadas pelo seu pr\u00f3prio Governo, atrav\u00e9s do Ministro da Sa\u00fade, Luiz Henrique Mandetta. A maior preocupa\u00e7\u00e3o \u00e9 que a recomenda\u00e7\u00e3o do Presidente de volta \u00e0 normalidade com reabertura de com\u00e9rcio e escolas provoque um caos no Sistema \u00danico de Sa\u00fade em pouco tempo.<\/p>\n\n\n\n<figure class=\"wp-block-gallery columns-1 is-cropped wp-block-gallery-1 is-layout-flex wp-block-gallery-is-layout-flex\"><ul class=\"blocks-gallery-grid\"><li class=\"blocks-gallery-item\"><figure><img loading=\"lazy\" decoding=\"async\" width=\"500\" height=\"333\" src=\"http:\/\/blogdorogeriogomes.com.br\/wp-content\/uploads\/2020\/03\/images-7-1.jpeg\" alt=\"\" data-id=\"16054\" data-full-url=\"http:\/\/blogdorogeriogomes.com.br\/wp-content\/uploads\/2020\/03\/images-7-1.jpeg\" data-link=\"http:\/\/blogdorogeriogomes.com.br\/?attachment_id=16054\" class=\"wp-image-16054\" srcset=\"https:\/\/blogdorogeriogomes.com.br\/noticias\/wp-content\/uploads\/2020\/03\/images-7-1.jpeg 500w, https:\/\/blogdorogeriogomes.com.br\/noticias\/wp-content\/uploads\/2020\/03\/images-7-1-300x200.jpeg 300w\" sizes=\"auto, (max-width: 500px) 100vw, 500px\" \/><\/figure><\/li><\/ul><\/figure>\n\n\n\n<p>No Cear\u00e1, o governador Camilo Santana afirmou que o Governo do Estado vai seguir com o compromisso de conter o avan\u00e7o da Covid-19 &#8220;para buscar a prote\u00e7\u00e3o dos cearenses&#8230;vamos continuar trabalhando fortemente as a\u00e7\u00f5es que visam evitar o avan\u00e7o do coronav\u00edrus em nosso estado, como temos feito at\u00e9 aqui&#8221;.<\/p>\n\n\n\n<p>Pelas redes sociais, o prefeito de Fortaleza, Roberto Cl\u00e1udio, mostrou preocupa\u00e7\u00e3o com o conte\u00fado da fala de Bolsonaro contra a situa\u00e7\u00e3o de confinamento para se proteger do coronav\u00edrus. &#8220;A gravidade de uma pandemia rec\u00e9m-chegada ao Brasil, de consequ\u00eancias ainda incertas sobre as popula\u00e7\u00f5es mais pobres, associa-se nesse momento a um tipo de mensagem muito grave enviada pela maior lideran\u00e7a do pa\u00eds, o Presidente da Rep\u00fablica. A mensagem confusa, contradit\u00f3ria com as informa\u00e7\u00f5es t\u00e9cnicas do pr\u00f3prio Minist\u00e9rio da Sa\u00fade, sem qualquer base cient\u00edfica e sem m\u00e9rito humanit\u00e1rio, coloca, pela for\u00e7a do interlocutor, a nossa popula\u00e7\u00e3o sob um evit\u00e1vel grave risco de contamina\u00e7\u00e3o&#8221;, disse o prefeito da Capital cearense.<\/p>\n","protected":false},"excerpt":{"rendered":"<p>A rea\u00e7\u00e3o pol\u00edtica ao pronunciamento do presidente Jair Bolsonaro, na noite desta ter\u00e7a-feira, dia 24 de mar\u00e7o, foi de indigna\u00e7\u00e3o entre aliados e oposi\u00e7\u00e3o. No Congresso, palavras duras contra o Chefe da Na\u00e7\u00e3o pelos parlamentares. Entre os governadores, um sentimento que Bolsonaro se isola e vai de encontro at\u00e9 \u00e0s medidas tomadas pelo seu pr\u00f3prio Governo, atrav\u00e9s do Ministro da Sa\u00fade, Luiz Henrique Mandetta. A maior preocupa\u00e7\u00e3o \u00e9 que a recomenda\u00e7\u00e3o do Presidente de volta \u00e0 normalidade com reabertura&hellip;<\/p>\n","protected":false},"author":1,"featured_media":16054,"comment_status":"open","ping_status":"open","sticky":false,"template":"","format":"standard","meta":{"footnotes":""},"categories":[1],"tags":[],"class_list":["post-16053","post","type-post","status-publish","format-standard","has-post-thumbnail","hentry","category-noticias"],"_links":{"self":[{"href":"https:\/\/blogdorogeriogomes.com.br\/noticias\/wp-json\/wp\/v2\/posts\/16053","targetHints":{"allow":["GET"]}}],"collection":[{"href":"https:\/\/blogdorogeriogomes.com.br\/noticias\/wp-json\/wp\/v2\/posts"}],"about":[{"href":"https:\/\/blogdorogeriogomes.com.br\/noticias\/wp-json\/wp\/v2\/types\/post"}],"author":[{"embeddable":true,"href":"https:\/\/blogdorogeriogomes.com.br\/noticias\/wp-json\/wp\/v2\/users\/1"}],"replies":[{"embeddable":true,"href":"https:\/\/blogdorogeriogomes.com.br\/noticias\/wp-json\/wp\/v2\/comments?post=16053"}],"version-history":[{"count":1,"href":"https:\/\/blogdorogeriogomes.com.br\/noticias\/wp-json\/wp\/v2\/posts\/16053\/revisions"}],"predecessor-version":[{"id":16055,"href":"https:\/\/blogdorogeriogomes.com.br\/noticias\/wp-json\/wp\/v2\/posts\/16053\/revisions\/16055"}],"wp:featuredmedia":[{"embeddable":true,"href":"https:\/\/blogdorogeriogomes.com.br\/noticias\/wp-json\/wp\/v2\/media\/16054"}],"wp:attachment":[{"href":"https:\/\/blogdorogeriogomes.com.br\/noticias\/wp-json\/wp\/v2\/media?parent=16053"}],"wp:term":[{"taxonomy":"category","embeddable":true,"href":"https:\/\/blogdorogeriogomes.com.br\/noticias\/wp-json\/wp\/v2\/categories?post=16053"},{"taxonomy":"post_tag","embeddable":true,"href":"https:\/\/blogdorogeriogomes.com.br\/noticias\/wp-json\/wp\/v2\/tags?post=16053"}],"curies":[{"name":"wp","href":"https:\/\/api.w.org\/{rel}","templated":true}]}}