{"id":16056,"date":"2020-03-25T21:03:31","date_gmt":"2020-03-25T21:03:31","guid":{"rendered":"http:\/\/blogdorogeriogomes.com.br\/?p=16056"},"modified":"2020-03-26T12:07:45","modified_gmt":"2020-03-26T12:07:45","slug":"ceara-assume-a-terceira-posicao-entre-os-estados-brasileiros-no-numero-de-casos-confirmados-de-coronavirus","status":"publish","type":"post","link":"https:\/\/blogdorogeriogomes.com.br\/noticias\/2020\/03\/ceara-assume-a-terceira-posicao-entre-os-estados-brasileiros-no-numero-de-casos-confirmados-de-coronavirus\/","title":{"rendered":"Cear\u00e1 assume a terceira posi\u00e7\u00e3o entre os estados brasileiros no n\u00famero de casos confirmados de coronav\u00edrus"},"content":{"rendered":"\n<p>O Cear\u00e1 \u00e9 agora o terceiro estado do Brasil em n\u00famero de casos confirmados de coronav\u00edrus. O boletim da Secretaria de Sa\u00fade do Estado registra 211 pessoas infectadas, nesta quarta-feira, dia 25 de mar\u00e7o. Os casos no Cear\u00e1 est\u00e3o distribu\u00eddos assim: Fortaleza (196), Aquiraz  (6), Sobral (4), Fortim (1), Juazeiro do Norte (1), Mauriti (1), al\u00e9m de dois casos de pessoas de fora (S\u00e3o Paulo e Uberl\u00e2ndia) que manifestaram a doen\u00e7a no Estado.<\/p>\n\n\n\n<p>O n\u00famero de casos confirmados de coronav\u00edrus no Brasil chegou a 2.433 ocorr\u00eancias. S\u00e3o&nbsp;57 mortes registradas at\u00e9 agora, de acordo com informa\u00e7\u00f5es passadas pelo Minist\u00e9rio da Sa\u00fade.<\/p>\n\n\n\n<p>Apesar das manifesta\u00e7\u00f5es do presidente Jair Bolsonaro de que o com\u00e9rcio e as escolas deveriam voltar a funcionar, o ministro da Sa\u00fade, Luiz Henrique Mandetta, disse que permanece no cargo e confirmou a necessidade de manter o confinamento das pessoas em todo o Pa\u00eds, a fim de evitar a prolifera\u00e7\u00e3o do coronav\u00edrus. <\/p>\n\n\n\n<p><\/p>\n\n\n\n<figure class=\"wp-block-gallery columns-1 is-cropped wp-block-gallery-1 is-layout-flex wp-block-gallery-is-layout-flex\"><ul class=\"blocks-gallery-grid\"><li class=\"blocks-gallery-item\"><figure><img loading=\"lazy\" decoding=\"async\" width=\"738\" height=\"416\" src=\"http:\/\/blogdorogeriogomes.com.br\/wp-content\/uploads\/2020\/03\/images-8.jpeg\" alt=\"\" data-id=\"16057\" data-full-url=\"http:\/\/blogdorogeriogomes.com.br\/wp-content\/uploads\/2020\/03\/images-8.jpeg\" data-link=\"http:\/\/blogdorogeriogomes.com.br\/?attachment_id=16057\" class=\"wp-image-16057\" srcset=\"https:\/\/blogdorogeriogomes.com.br\/noticias\/wp-content\/uploads\/2020\/03\/images-8.jpeg 738w, https:\/\/blogdorogeriogomes.com.br\/noticias\/wp-content\/uploads\/2020\/03\/images-8-300x169.jpeg 300w\" sizes=\"auto, (max-width: 738px) 100vw, 738px\" \/><\/figure><\/li><\/ul><\/figure>\n","protected":false},"excerpt":{"rendered":"<p>O Cear\u00e1 \u00e9 agora o terceiro estado do Brasil em n\u00famero de casos confirmados de coronav\u00edrus. O boletim da Secretaria de Sa\u00fade do Estado registra 211 pessoas infectadas, nesta quarta-feira, dia 25 de mar\u00e7o. Os casos no Cear\u00e1 est\u00e3o distribu\u00eddos assim: Fortaleza (196), Aquiraz (6), Sobral (4), Fortim (1), Juazeiro do Norte (1), Mauriti (1), al\u00e9m de dois casos de pessoas de fora (S\u00e3o Paulo e Uberl\u00e2ndia) que manifestaram a doen\u00e7a no Estado. O n\u00famero de casos confirmados de&hellip;<\/p>\n","protected":false},"author":1,"featured_media":16057,"comment_status":"open","ping_status":"open","sticky":false,"template":"","format":"standard","meta":{"footnotes":""},"categories":[1],"tags":[],"class_list":["post-16056","post","type-post","status-publish","format-standard","has-post-thumbnail","hentry","category-noticias"],"_links":{"self":[{"href":"https:\/\/blogdorogeriogomes.com.br\/noticias\/wp-json\/wp\/v2\/posts\/16056","targetHints":{"allow":["GET"]}}],"collection":[{"href":"https:\/\/blogdorogeriogomes.com.br\/noticias\/wp-json\/wp\/v2\/posts"}],"about":[{"href":"https:\/\/blogdorogeriogomes.com.br\/noticias\/wp-json\/wp\/v2\/types\/post"}],"author":[{"embeddable":true,"href":"https:\/\/blogdorogeriogomes.com.br\/noticias\/wp-json\/wp\/v2\/users\/1"}],"replies":[{"embeddable":true,"href":"https:\/\/blogdorogeriogomes.com.br\/noticias\/wp-json\/wp\/v2\/comments?post=16056"}],"version-history":[{"count":2,"href":"https:\/\/blogdorogeriogomes.com.br\/noticias\/wp-json\/wp\/v2\/posts\/16056\/revisions"}],"predecessor-version":[{"id":16069,"href":"https:\/\/blogdorogeriogomes.com.br\/noticias\/wp-json\/wp\/v2\/posts\/16056\/revisions\/16069"}],"wp:featuredmedia":[{"embeddable":true,"href":"https:\/\/blogdorogeriogomes.com.br\/noticias\/wp-json\/wp\/v2\/media\/16057"}],"wp:attachment":[{"href":"https:\/\/blogdorogeriogomes.com.br\/noticias\/wp-json\/wp\/v2\/media?parent=16056"}],"wp:term":[{"taxonomy":"category","embeddable":true,"href":"https:\/\/blogdorogeriogomes.com.br\/noticias\/wp-json\/wp\/v2\/categories?post=16056"},{"taxonomy":"post_tag","embeddable":true,"href":"https:\/\/blogdorogeriogomes.com.br\/noticias\/wp-json\/wp\/v2\/tags?post=16056"}],"curies":[{"name":"wp","href":"https:\/\/api.w.org\/{rel}","templated":true}]}}