{"id":16059,"date":"2020-03-25T23:40:28","date_gmt":"2020-03-25T23:40:28","guid":{"rendered":"http:\/\/blogdorogeriogomes.com.br\/?p=16059"},"modified":"2020-03-26T12:07:30","modified_gmt":"2020-03-26T12:07:30","slug":"governadores-do-pais-se-reunem-com-rodrigo-maia-e-reafirmam-o-compromisso-de-manter-todas-as-medidas-contra-o-coronavirus","status":"publish","type":"post","link":"https:\/\/blogdorogeriogomes.com.br\/noticias\/2020\/03\/governadores-do-pais-se-reunem-com-rodrigo-maia-e-reafirmam-o-compromisso-de-manter-todas-as-medidas-contra-o-coronavirus\/","title":{"rendered":"Governadores do Pa\u00eds se re\u00fanem com Rodrigo Maia e reafirmam o compromisso de manter todas as medidas contra o coronav\u00edrus"},"content":{"rendered":"\n<p>O presidente da C\u00e2mara dos Deputados, Rodrigo Maia, foi o principal convidado na videoconfer\u00eancia realizada, no fim da tarde desta quarta-feira, dia 25 de mar\u00e7o, por 26 governadores do Pa\u00eds. A \u00fanica aus\u00eancia foi a de Ibaneis Rocha (MDB), governador do Distrito Federal.<\/p>\n\n\n\n<p>No geral, os governadores reclamaram da condu\u00e7\u00e3o do presidente Jair Bolsonaro na rea\u00e7\u00e3o aos efeitos do coronav\u00edrus no Pa\u00eds. Bolsonaro tem minimizado e at\u00e9 debochado dos graves efeitos da pandemia. Todos os governadores pediram cr\u00e9dito para micro, pequenas e m\u00e9dias empresas e redu\u00e7\u00e3o da meta de super\u00e1vit fiscal e aplica\u00e7\u00e3o destes recursos na sa\u00fade.<\/p>\n\n\n\n<figure class=\"wp-block-gallery columns-1 is-cropped wp-block-gallery-1 is-layout-flex wp-block-gallery-is-layout-flex\"><ul class=\"blocks-gallery-grid\"><li class=\"blocks-gallery-item\"><figure><img loading=\"lazy\" decoding=\"async\" width=\"1024\" height=\"683\" src=\"http:\/\/blogdorogeriogomes.com.br\/wp-content\/uploads\/2020\/03\/1-ascom_6508_T-1200x800-1-1024x683.jpg\" alt=\"\" data-id=\"16060\" data-full-url=\"http:\/\/blogdorogeriogomes.com.br\/wp-content\/uploads\/2020\/03\/1-ascom_6508_T-1200x800-1.jpg\" data-link=\"http:\/\/blogdorogeriogomes.com.br\/?attachment_id=16060\" class=\"wp-image-16060\" srcset=\"https:\/\/blogdorogeriogomes.com.br\/noticias\/wp-content\/uploads\/2020\/03\/1-ascom_6508_T-1200x800-1-1024x683.jpg 1024w, https:\/\/blogdorogeriogomes.com.br\/noticias\/wp-content\/uploads\/2020\/03\/1-ascom_6508_T-1200x800-1-300x200.jpg 300w, https:\/\/blogdorogeriogomes.com.br\/noticias\/wp-content\/uploads\/2020\/03\/1-ascom_6508_T-1200x800-1-768x512.jpg 768w, https:\/\/blogdorogeriogomes.com.br\/noticias\/wp-content\/uploads\/2020\/03\/1-ascom_6508_T-1200x800-1-800x533.jpg 800w, https:\/\/blogdorogeriogomes.com.br\/noticias\/wp-content\/uploads\/2020\/03\/1-ascom_6508_T-1200x800-1.jpg 1200w\" sizes=\"auto, (max-width: 1024px) 100vw, 1024px\" \/><\/figure><\/li><\/ul><\/figure>\n\n\n\n<p>Na avalia\u00e7\u00e3o do presidente da C\u00e2mara, Rodrigo Maia, o momento \u00e9 de manter as medidas de confinamento em todo o Brasil para evitar a dissemina\u00e7\u00e3o do coronav\u00edrus. &#8220;A gente n\u00e3o pode deixar de cuidar das pessoas porque alguns est\u00e3o perdendo dinheiro na Bolsa de Valores. \u00c9 isto que est\u00e1 acontecendo no meu ponto de vista.&#8221;<\/p>\n\n\n\n<p>Em duas horas de reuni\u00e3o, ficou acertado que todos os governadores v\u00e3o agir com o intuito de unificarem medidas de enfrentamento a pandemia que assola todo o Pa\u00eds. \u201cEsse \u00e9 um momento de unidade, de muita serenidade, e de uni\u00e3o. \u00c9 necess\u00e1rio deixar de lado nossas quest\u00f5es pol\u00edticas, partid\u00e1rias e ideol\u00f3gicas, esse \u00e9 um momento de proteger as pessoas, n\u00e3o apenas do v\u00edrus, mas tamb\u00e9m proteger o emprego das pessoas. Esse \u00e9 agora o grande desafio, e por isso essa condi\u00e7\u00e3o nos exige di\u00e1logo, assim como um alinhamento de a\u00e7\u00f5es, num esfor\u00e7o em conjunto de todos os Estados, mas tamb\u00e9m com a participa\u00e7\u00e3o do Governo Federal&#8221;, destacou o governador do Cear\u00e1, Camilo Santana.<\/p>\n\n\n\n<p><\/p>\n","protected":false},"excerpt":{"rendered":"<p>O presidente da C\u00e2mara dos Deputados, Rodrigo Maia, foi o principal convidado na videoconfer\u00eancia realizada, no fim da tarde desta quarta-feira, dia 25 de mar\u00e7o, por 26 governadores do Pa\u00eds. A \u00fanica aus\u00eancia foi a de Ibaneis Rocha (MDB), governador do Distrito Federal. No geral, os governadores reclamaram da condu\u00e7\u00e3o do presidente Jair Bolsonaro na rea\u00e7\u00e3o aos efeitos do coronav\u00edrus no Pa\u00eds. Bolsonaro tem minimizado e at\u00e9 debochado dos graves efeitos da pandemia. Todos os governadores pediram cr\u00e9dito para&hellip;<\/p>\n","protected":false},"author":1,"featured_media":16060,"comment_status":"open","ping_status":"open","sticky":false,"template":"","format":"standard","meta":{"footnotes":""},"categories":[1],"tags":[],"class_list":["post-16059","post","type-post","status-publish","format-standard","has-post-thumbnail","hentry","category-noticias"],"_links":{"self":[{"href":"https:\/\/blogdorogeriogomes.com.br\/noticias\/wp-json\/wp\/v2\/posts\/16059","targetHints":{"allow":["GET"]}}],"collection":[{"href":"https:\/\/blogdorogeriogomes.com.br\/noticias\/wp-json\/wp\/v2\/posts"}],"about":[{"href":"https:\/\/blogdorogeriogomes.com.br\/noticias\/wp-json\/wp\/v2\/types\/post"}],"author":[{"embeddable":true,"href":"https:\/\/blogdorogeriogomes.com.br\/noticias\/wp-json\/wp\/v2\/users\/1"}],"replies":[{"embeddable":true,"href":"https:\/\/blogdorogeriogomes.com.br\/noticias\/wp-json\/wp\/v2\/comments?post=16059"}],"version-history":[{"count":1,"href":"https:\/\/blogdorogeriogomes.com.br\/noticias\/wp-json\/wp\/v2\/posts\/16059\/revisions"}],"predecessor-version":[{"id":16061,"href":"https:\/\/blogdorogeriogomes.com.br\/noticias\/wp-json\/wp\/v2\/posts\/16059\/revisions\/16061"}],"wp:featuredmedia":[{"embeddable":true,"href":"https:\/\/blogdorogeriogomes.com.br\/noticias\/wp-json\/wp\/v2\/media\/16060"}],"wp:attachment":[{"href":"https:\/\/blogdorogeriogomes.com.br\/noticias\/wp-json\/wp\/v2\/media?parent=16059"}],"wp:term":[{"taxonomy":"category","embeddable":true,"href":"https:\/\/blogdorogeriogomes.com.br\/noticias\/wp-json\/wp\/v2\/categories?post=16059"},{"taxonomy":"post_tag","embeddable":true,"href":"https:\/\/blogdorogeriogomes.com.br\/noticias\/wp-json\/wp\/v2\/tags?post=16059"}],"curies":[{"name":"wp","href":"https:\/\/api.w.org\/{rel}","templated":true}]}}