{"id":16062,"date":"2020-03-26T11:18:52","date_gmt":"2020-03-26T11:18:52","guid":{"rendered":"http:\/\/blogdorogeriogomes.com.br\/?p=16062"},"modified":"2020-03-26T12:07:05","modified_gmt":"2020-03-26T12:07:05","slug":"cinco-unidades-da-upa-em-fortaleza-vao-receber-novos-anexos-para-reforcar-numero-de-leitos","status":"publish","type":"post","link":"https:\/\/blogdorogeriogomes.com.br\/noticias\/2020\/03\/cinco-unidades-da-upa-em-fortaleza-vao-receber-novos-anexos-para-reforcar-numero-de-leitos\/","title":{"rendered":"Cinco unidades da UPA em Fortaleza v\u00e3o receber novos anexos para refor\u00e7ar n\u00famero de leitos"},"content":{"rendered":"\n<p>Cinco Unidades de Pronto Atendimento (UPAs) de Fortaleza v\u00e3o receber refor\u00e7o por meio da instala\u00e7\u00e3o de estruturas anexas. De acordo com o cronograma divulgado pela Prefeitura da Capital, ser\u00e3o 140 leitos adicionais instalados ao longo do m\u00eas de abril, contemplando as UPAs do Dend\u00ea, do Bom Jardim, do Vila Velha, do Jangurussu e do Itaperi. Os primeiros 20 leitos ser\u00e3o entregues no dia 3 de abril, na regi\u00e3o do Dend\u00ea, no bairro Edson Queiroz.&nbsp;<\/p>\n\n\n\n<p>A partir desta quinta-feira, dia 26 de mar\u00e7o, a Rede de Aten\u00e7\u00e3o Prim\u00e1ria \u00e0 Sa\u00fade da Capital ser\u00e1 fortalecida pelo Programa de Sa\u00fade da Fam\u00edlia (PSF). Ser\u00e3o 75 novos m\u00e9dicos atuando nos postos de sa\u00fade de Fortaleza. <\/p>\n\n\n\n<p>O prefeito Roberto Cl\u00e1udio anunciou, ainda, a aquisi\u00e7\u00e3o de 15 mil testes r\u00e1pidos para a detec\u00e7\u00e3o do novo coronav\u00edrus. A chegada dos materiais est\u00e1 prevista para o in\u00edcio de abril.<\/p>\n\n\n\n<p><\/p>\n\n\n\n<figure class=\"wp-block-gallery columns-1 is-cropped wp-block-gallery-1 is-layout-flex wp-block-gallery-is-layout-flex\"><ul class=\"blocks-gallery-grid\"><li class=\"blocks-gallery-item\"><figure><img loading=\"lazy\" decoding=\"async\" width=\"726\" height=\"422\" src=\"http:\/\/blogdorogeriogomes.com.br\/wp-content\/uploads\/2020\/03\/images-9.jpeg\" alt=\"\" data-id=\"16063\" data-full-url=\"http:\/\/blogdorogeriogomes.com.br\/wp-content\/uploads\/2020\/03\/images-9.jpeg\" data-link=\"http:\/\/blogdorogeriogomes.com.br\/?attachment_id=16063\" class=\"wp-image-16063\" srcset=\"https:\/\/blogdorogeriogomes.com.br\/noticias\/wp-content\/uploads\/2020\/03\/images-9.jpeg 726w, https:\/\/blogdorogeriogomes.com.br\/noticias\/wp-content\/uploads\/2020\/03\/images-9-300x174.jpeg 300w\" sizes=\"auto, (max-width: 726px) 100vw, 726px\" \/><\/figure><\/li><\/ul><\/figure>\n","protected":false},"excerpt":{"rendered":"<p>Cinco Unidades de Pronto Atendimento (UPAs) de Fortaleza v\u00e3o receber refor\u00e7o por meio da instala\u00e7\u00e3o de estruturas anexas. De acordo com o cronograma divulgado pela Prefeitura da Capital, ser\u00e3o 140 leitos adicionais instalados ao longo do m\u00eas de abril, contemplando as UPAs do Dend\u00ea, do Bom Jardim, do Vila Velha, do Jangurussu e do Itaperi. Os primeiros 20 leitos ser\u00e3o entregues no dia 3 de abril, na regi\u00e3o do Dend\u00ea, no bairro Edson Queiroz.&nbsp; A partir desta quinta-feira, dia&hellip;<\/p>\n","protected":false},"author":1,"featured_media":16063,"comment_status":"open","ping_status":"open","sticky":false,"template":"","format":"standard","meta":{"footnotes":""},"categories":[1],"tags":[],"class_list":["post-16062","post","type-post","status-publish","format-standard","has-post-thumbnail","hentry","category-noticias"],"_links":{"self":[{"href":"https:\/\/blogdorogeriogomes.com.br\/noticias\/wp-json\/wp\/v2\/posts\/16062","targetHints":{"allow":["GET"]}}],"collection":[{"href":"https:\/\/blogdorogeriogomes.com.br\/noticias\/wp-json\/wp\/v2\/posts"}],"about":[{"href":"https:\/\/blogdorogeriogomes.com.br\/noticias\/wp-json\/wp\/v2\/types\/post"}],"author":[{"embeddable":true,"href":"https:\/\/blogdorogeriogomes.com.br\/noticias\/wp-json\/wp\/v2\/users\/1"}],"replies":[{"embeddable":true,"href":"https:\/\/blogdorogeriogomes.com.br\/noticias\/wp-json\/wp\/v2\/comments?post=16062"}],"version-history":[{"count":2,"href":"https:\/\/blogdorogeriogomes.com.br\/noticias\/wp-json\/wp\/v2\/posts\/16062\/revisions"}],"predecessor-version":[{"id":16068,"href":"https:\/\/blogdorogeriogomes.com.br\/noticias\/wp-json\/wp\/v2\/posts\/16062\/revisions\/16068"}],"wp:featuredmedia":[{"embeddable":true,"href":"https:\/\/blogdorogeriogomes.com.br\/noticias\/wp-json\/wp\/v2\/media\/16063"}],"wp:attachment":[{"href":"https:\/\/blogdorogeriogomes.com.br\/noticias\/wp-json\/wp\/v2\/media?parent=16062"}],"wp:term":[{"taxonomy":"category","embeddable":true,"href":"https:\/\/blogdorogeriogomes.com.br\/noticias\/wp-json\/wp\/v2\/categories?post=16062"},{"taxonomy":"post_tag","embeddable":true,"href":"https:\/\/blogdorogeriogomes.com.br\/noticias\/wp-json\/wp\/v2\/tags?post=16062"}],"curies":[{"name":"wp","href":"https:\/\/api.w.org\/{rel}","templated":true}]}}