{"id":16065,"date":"2020-03-26T11:35:55","date_gmt":"2020-03-26T11:35:55","guid":{"rendered":"http:\/\/blogdorogeriogomes.com.br\/?p=16065"},"modified":"2020-03-26T12:06:41","modified_gmt":"2020-03-26T12:06:41","slug":"entidades-do-setor-produtivo-cearense-discutem-a-possibilidade-de-volta-gradual-das-empresas","status":"publish","type":"post","link":"https:\/\/blogdorogeriogomes.com.br\/noticias\/2020\/03\/entidades-do-setor-produtivo-cearense-discutem-a-possibilidade-de-volta-gradual-das-empresas\/","title":{"rendered":"Entidades do setor produtivo cearense discutem a possibilidade de volta gradual das empresas"},"content":{"rendered":"\n<p>A Federa\u00e7\u00e3o das Ind\u00fastrias do Estado do Cear\u00e1 (Fiec), a Federa\u00e7\u00e3o do Com\u00e9rcio de Bens, Servi\u00e7os e Turismo do Estado do Cear\u00e1 (Fecom\u00e9rcio-CE), a C\u00e2mara de Dirigentes Lojistas de Fortaleza (CDL) e a Federa\u00e7\u00e3o da Agricultura e Pecu\u00e1ria do Estado do Cear\u00e1 (Faec) apresentaram ao governador Camilo Santana uma proposta para a volta gradual do funcionamento das empresas.  O decreto estadual que determinou o fechamento de estabelecimentos comerciais est\u00e1 previsto para ser encerrado no pr\u00f3ximo domingo, dia 29 de mar\u00e7o, mas a tend\u00eancia \u00e9 que seja prorrogado.<\/p>\n\n\n\n<p>Nesta sexta-feira, dia 27 de mar\u00e7o, est\u00e1 prevista a realiza\u00e7\u00e3o de uma reuni\u00e3o entre as entidades do setor produtivo, envolvendo o com\u00e9rcio, ind\u00fastria e agropecu\u00e1ria, para discutir as a\u00e7\u00f5es dos pr\u00f3ximos dias. De acordo com o secret\u00e1rio de Desenvolvimento Econ\u00f4mico e Trabalho do Estado, Maia J\u00fanior, a determina\u00e7\u00e3o \u00e9 seguir um protocolo para garantir a seguran\u00e7a da popula\u00e7\u00e3o antes de retomar as atividades.<\/p>\n\n\n\n<figure class=\"wp-block-gallery columns-1 is-cropped wp-block-gallery-1 is-layout-flex wp-block-gallery-is-layout-flex\"><ul class=\"blocks-gallery-grid\"><li class=\"blocks-gallery-item\"><figure><img loading=\"lazy\" decoding=\"async\" width=\"640\" height=\"480\" src=\"http:\/\/blogdorogeriogomes.com.br\/wp-content\/uploads\/2020\/03\/images-10.jpeg\" alt=\"\" data-id=\"16066\" data-full-url=\"http:\/\/blogdorogeriogomes.com.br\/wp-content\/uploads\/2020\/03\/images-10.jpeg\" data-link=\"http:\/\/blogdorogeriogomes.com.br\/?attachment_id=16066\" class=\"wp-image-16066\" srcset=\"https:\/\/blogdorogeriogomes.com.br\/noticias\/wp-content\/uploads\/2020\/03\/images-10.jpeg 640w, https:\/\/blogdorogeriogomes.com.br\/noticias\/wp-content\/uploads\/2020\/03\/images-10-300x225.jpeg 300w, https:\/\/blogdorogeriogomes.com.br\/noticias\/wp-content\/uploads\/2020\/03\/images-10-400x300.jpeg 400w\" sizes=\"auto, (max-width: 640px) 100vw, 640px\" \/><\/figure><\/li><\/ul><\/figure>\n","protected":false},"excerpt":{"rendered":"<p>A Federa\u00e7\u00e3o das Ind\u00fastrias do Estado do Cear\u00e1 (Fiec), a Federa\u00e7\u00e3o do Com\u00e9rcio de Bens, Servi\u00e7os e Turismo do Estado do Cear\u00e1 (Fecom\u00e9rcio-CE), a C\u00e2mara de Dirigentes Lojistas de Fortaleza (CDL) e a Federa\u00e7\u00e3o da Agricultura e Pecu\u00e1ria do Estado do Cear\u00e1 (Faec) apresentaram ao governador Camilo Santana uma proposta para a volta gradual do funcionamento das empresas. O decreto estadual que determinou o fechamento de estabelecimentos comerciais est\u00e1 previsto para ser encerrado no pr\u00f3ximo domingo, dia 29 de&hellip;<\/p>\n","protected":false},"author":1,"featured_media":16066,"comment_status":"open","ping_status":"open","sticky":false,"template":"","format":"standard","meta":{"footnotes":""},"categories":[1],"tags":[],"class_list":["post-16065","post","type-post","status-publish","format-standard","has-post-thumbnail","hentry","category-noticias"],"_links":{"self":[{"href":"https:\/\/blogdorogeriogomes.com.br\/noticias\/wp-json\/wp\/v2\/posts\/16065","targetHints":{"allow":["GET"]}}],"collection":[{"href":"https:\/\/blogdorogeriogomes.com.br\/noticias\/wp-json\/wp\/v2\/posts"}],"about":[{"href":"https:\/\/blogdorogeriogomes.com.br\/noticias\/wp-json\/wp\/v2\/types\/post"}],"author":[{"embeddable":true,"href":"https:\/\/blogdorogeriogomes.com.br\/noticias\/wp-json\/wp\/v2\/users\/1"}],"replies":[{"embeddable":true,"href":"https:\/\/blogdorogeriogomes.com.br\/noticias\/wp-json\/wp\/v2\/comments?post=16065"}],"version-history":[{"count":1,"href":"https:\/\/blogdorogeriogomes.com.br\/noticias\/wp-json\/wp\/v2\/posts\/16065\/revisions"}],"predecessor-version":[{"id":16067,"href":"https:\/\/blogdorogeriogomes.com.br\/noticias\/wp-json\/wp\/v2\/posts\/16065\/revisions\/16067"}],"wp:featuredmedia":[{"embeddable":true,"href":"https:\/\/blogdorogeriogomes.com.br\/noticias\/wp-json\/wp\/v2\/media\/16066"}],"wp:attachment":[{"href":"https:\/\/blogdorogeriogomes.com.br\/noticias\/wp-json\/wp\/v2\/media?parent=16065"}],"wp:term":[{"taxonomy":"category","embeddable":true,"href":"https:\/\/blogdorogeriogomes.com.br\/noticias\/wp-json\/wp\/v2\/categories?post=16065"},{"taxonomy":"post_tag","embeddable":true,"href":"https:\/\/blogdorogeriogomes.com.br\/noticias\/wp-json\/wp\/v2\/tags?post=16065"}],"curies":[{"name":"wp","href":"https:\/\/api.w.org\/{rel}","templated":true}]}}