{"id":16082,"date":"2020-03-27T10:55:27","date_gmt":"2020-03-27T10:55:27","guid":{"rendered":"http:\/\/blogdorogeriogomes.com.br\/?p=16082"},"modified":"2020-03-27T12:16:48","modified_gmt":"2020-03-27T12:16:48","slug":"camilo-anuncia-mais-recursos-para-reforcar-equipamentos-e-camara-aprova-auxilio-financeiro-de-r-600-para-trabalhadores","status":"publish","type":"post","link":"https:\/\/blogdorogeriogomes.com.br\/noticias\/2020\/03\/camilo-anuncia-mais-recursos-para-reforcar-equipamentos-e-camara-aprova-auxilio-financeiro-de-r-600-para-trabalhadores\/","title":{"rendered":"Camilo anuncia mais recursos para refor\u00e7ar equipamentos e C\u00e2mara aprova aux\u00edlio financeiro de  R$ 600 para trabalhadores"},"content":{"rendered":"\n<p>O Governo do Cear\u00e1 diz que pretende gastar R$ 45 milh\u00f5es na amplia\u00e7\u00e3o da infraestrutura dos hospitais regionais. O montante seria um repasse direto do Tesouro Nacional para as prefeituras de Itapipoca, Iguatu, Ic\u00f3, Tau\u00e1, Crate\u00fas, Itaitinga e Aracati. A ideia \u00e9 ampliar a retaguarda de leitos no interior para pacientes que apresentem sintomas do coronav\u00edrus.<\/p>\n\n\n\n<p>Atrav\u00e9s das redes sociais, na noite desta quinta-feira, dia 26 de mar\u00e7o, o governador Camilo Santana anunciou a libera\u00e7\u00e3o de mais R$ 200 milh\u00f5es em recursos para combater o coronav\u00edrus no Estado. <\/p>\n\n\n\n<p>\u201cAutorizei mais uma compra, agora de quase R$ 200 milh\u00f5es em equipamentos e insumos para o enfrentando contra o coronav\u00edrus, inclusive com uma grande parte j\u00e1 paga. Isso significa a compra de mais respiradores, insumos e custeio de despesas na rede de sa\u00fade da Capital e de munic\u00edpios no interior\u201d, afirmou Camilo Santana.<\/p>\n\n\n\n<p>Nesta quinta-feira, dia 26, a C\u00e2mara dos Deputados tamb\u00e9m aprovou a cria\u00e7\u00e3o de um aux\u00edlio emergencial de R$ 600 reais para trabalhadores sem carteira assinada. O projeto estabelece que no per\u00edodo de tr\u00eas meses poder\u00e1 ser concedido o aux\u00edlio ao trabalhador maior de 18 anos, que n\u00e3o tenha emprego formal e cuja renda familiar mensal seja de at\u00e9 tr\u00eas sal\u00e1rios m\u00ednimos (R$ 3.135) ou de at\u00e9 R$ 519,50 por pessoa. Poder\u00e3o ser pagos at\u00e9 dois benef\u00edcios por fam\u00edlia.<\/p>\n\n\n\n<figure class=\"wp-block-gallery columns-1 is-cropped wp-block-gallery-1 is-layout-flex wp-block-gallery-is-layout-flex\"><ul class=\"blocks-gallery-grid\"><li class=\"blocks-gallery-item\"><figure><img loading=\"lazy\" decoding=\"async\" width=\"555\" height=\"274\" src=\"http:\/\/blogdorogeriogomes.com.br\/wp-content\/uploads\/2020\/03\/images-14.jpeg\" alt=\"\" data-id=\"16083\" data-full-url=\"http:\/\/blogdorogeriogomes.com.br\/wp-content\/uploads\/2020\/03\/images-14.jpeg\" data-link=\"http:\/\/blogdorogeriogomes.com.br\/?attachment_id=16083\" class=\"wp-image-16083\" srcset=\"https:\/\/blogdorogeriogomes.com.br\/noticias\/wp-content\/uploads\/2020\/03\/images-14.jpeg 555w, https:\/\/blogdorogeriogomes.com.br\/noticias\/wp-content\/uploads\/2020\/03\/images-14-300x148.jpeg 300w\" sizes=\"auto, (max-width: 555px) 100vw, 555px\" \/><\/figure><\/li><\/ul><\/figure>\n","protected":false},"excerpt":{"rendered":"<p>O Governo do Cear\u00e1 diz que pretende gastar R$ 45 milh\u00f5es na amplia\u00e7\u00e3o da infraestrutura dos hospitais regionais. O montante seria um repasse direto do Tesouro Nacional para as prefeituras de Itapipoca, Iguatu, Ic\u00f3, Tau\u00e1, Crate\u00fas, Itaitinga e Aracati. A ideia \u00e9 ampliar a retaguarda de leitos no interior para pacientes que apresentem sintomas do coronav\u00edrus. Atrav\u00e9s das redes sociais, na noite desta quinta-feira, dia 26 de mar\u00e7o, o governador Camilo Santana anunciou a libera\u00e7\u00e3o de mais R$ 200&hellip;<\/p>\n","protected":false},"author":1,"featured_media":16083,"comment_status":"open","ping_status":"open","sticky":false,"template":"","format":"standard","meta":{"footnotes":""},"categories":[1],"tags":[],"class_list":["post-16082","post","type-post","status-publish","format-standard","has-post-thumbnail","hentry","category-noticias"],"_links":{"self":[{"href":"https:\/\/blogdorogeriogomes.com.br\/noticias\/wp-json\/wp\/v2\/posts\/16082","targetHints":{"allow":["GET"]}}],"collection":[{"href":"https:\/\/blogdorogeriogomes.com.br\/noticias\/wp-json\/wp\/v2\/posts"}],"about":[{"href":"https:\/\/blogdorogeriogomes.com.br\/noticias\/wp-json\/wp\/v2\/types\/post"}],"author":[{"embeddable":true,"href":"https:\/\/blogdorogeriogomes.com.br\/noticias\/wp-json\/wp\/v2\/users\/1"}],"replies":[{"embeddable":true,"href":"https:\/\/blogdorogeriogomes.com.br\/noticias\/wp-json\/wp\/v2\/comments?post=16082"}],"version-history":[{"count":1,"href":"https:\/\/blogdorogeriogomes.com.br\/noticias\/wp-json\/wp\/v2\/posts\/16082\/revisions"}],"predecessor-version":[{"id":16084,"href":"https:\/\/blogdorogeriogomes.com.br\/noticias\/wp-json\/wp\/v2\/posts\/16082\/revisions\/16084"}],"wp:featuredmedia":[{"embeddable":true,"href":"https:\/\/blogdorogeriogomes.com.br\/noticias\/wp-json\/wp\/v2\/media\/16083"}],"wp:attachment":[{"href":"https:\/\/blogdorogeriogomes.com.br\/noticias\/wp-json\/wp\/v2\/media?parent=16082"}],"wp:term":[{"taxonomy":"category","embeddable":true,"href":"https:\/\/blogdorogeriogomes.com.br\/noticias\/wp-json\/wp\/v2\/categories?post=16082"},{"taxonomy":"post_tag","embeddable":true,"href":"https:\/\/blogdorogeriogomes.com.br\/noticias\/wp-json\/wp\/v2\/tags?post=16082"}],"curies":[{"name":"wp","href":"https:\/\/api.w.org\/{rel}","templated":true}]}}