{"id":16086,"date":"2020-03-27T19:30:53","date_gmt":"2020-03-27T19:30:53","guid":{"rendered":"http:\/\/blogdorogeriogomes.com.br\/?p=16086"},"modified":"2020-03-28T14:27:25","modified_gmt":"2020-03-28T14:27:25","slug":"frente-nacional-de-prefeitos-reage-a-campanha-de-bolsonaro-de-dar-fim-ao-isolamento-social","status":"publish","type":"post","link":"https:\/\/blogdorogeriogomes.com.br\/noticias\/2020\/03\/frente-nacional-de-prefeitos-reage-a-campanha-de-bolsonaro-de-dar-fim-ao-isolamento-social\/","title":{"rendered":"Frente Nacional de Prefeitos reage a campanha de Bolsonaro de dar fim ao isolamento social"},"content":{"rendered":"\n<p>A Frente Nacional de Prefeitos amea\u00e7a ir \u00e0 Justi\u00e7a para responsabilizar o presidente Jair Bolsonaro pelo fim de isolamento das pessoas no Pa\u00eds, proposto por ele. O Governo Federal lan\u00e7ou uma campanha chamada &#8220;O Brasil n\u00e3o pode parar&#8221; para defender a flexibiliza\u00e7\u00e3o do isolamento social. A medida vai de encontro ao que Chefes de Estado de todo o mundo est\u00e3o fazendo que \u00e9 manter o confinamento, a fim de retardar a curva crescente de cont\u00e1gio e permitir que o Sistema \u00danico de Sa\u00fade se prepare para receber a quantidade de infectados que est\u00e1 por surgir.<br>Em carta ao presidente Jair Bolsonaro, prefeitos questionam a campanha. &#8220;A depender da resposta do Governo Federal ao presente of\u00edcio, pois o posicionamento at\u00e9 o momento tem sido d\u00fabio e gerado inseguran\u00e7a na popula\u00e7\u00e3o, n\u00e3o restar\u00e1 outra alternativa aos prefeitos se n\u00e3o recorrer \u00e0 Justi\u00e7a brasileira com pedido de transfer\u00eancia ao presidente da Rep\u00fablica das responsabilidades c\u00edveis e criminais pelas a\u00e7\u00f5es locais de sa\u00fade e suas consequ\u00eancias&#8221;, diz o documento.<\/p>\n\n\n\n<p>A rea\u00e7\u00e3o negativa \u00e0 campanha de Bolsonaro para reabrir o com\u00e9rcio a qualquer custo tamb\u00e9m inclui governadores. \u201cO mundo inteiro est\u00e1 errado e s\u00f3 Jair Bolsonaro est\u00e1 certo?\u201d, indagou o governador de S\u00e3o Paulo, Jo\u00e3o Doria, em coletiva de imprensa nesta tarde. Ele diz que a campanha &#8216;O Brasil n\u00e3o pode parar&#8217; \u201cvai contra o decreto de calamidade p\u00fablica do pr\u00f3prio governo\u201d. &nbsp;<\/p>\n\n\n\n<p>&#8220;\u00c9 genoc\u00eddio! O @PDT_Nacional vai entrar na Justi\u00e7a pedindo a suspens\u00e3o desta aberra\u00e7\u00e3o! \u00c9 o \u00daNICO governante no MUNDO a fazer isto&#8230;&#8221;, afirmou o ex-ministro Ciro Gomes pelo Twitter.<\/p>\n\n\n\n<figure class=\"wp-block-gallery columns-1 is-cropped wp-block-gallery-1 is-layout-flex wp-block-gallery-is-layout-flex\"><ul class=\"blocks-gallery-grid\"><li class=\"blocks-gallery-item\"><figure><img loading=\"lazy\" decoding=\"async\" width=\"1024\" height=\"683\" src=\"http:\/\/blogdorogeriogomes.com.br\/wp-content\/uploads\/2020\/03\/video-conferencia-prefeitos-domingo-22-1_423acdd2-1024x683.jpg\" alt=\"\" data-id=\"16087\" data-full-url=\"http:\/\/blogdorogeriogomes.com.br\/wp-content\/uploads\/2020\/03\/video-conferencia-prefeitos-domingo-22-1_423acdd2.jpg\" data-link=\"http:\/\/blogdorogeriogomes.com.br\/?attachment_id=16087\" class=\"wp-image-16087\" srcset=\"https:\/\/blogdorogeriogomes.com.br\/noticias\/wp-content\/uploads\/2020\/03\/video-conferencia-prefeitos-domingo-22-1_423acdd2-1024x683.jpg 1024w, https:\/\/blogdorogeriogomes.com.br\/noticias\/wp-content\/uploads\/2020\/03\/video-conferencia-prefeitos-domingo-22-1_423acdd2-300x200.jpg 300w, https:\/\/blogdorogeriogomes.com.br\/noticias\/wp-content\/uploads\/2020\/03\/video-conferencia-prefeitos-domingo-22-1_423acdd2-768x512.jpg 768w, https:\/\/blogdorogeriogomes.com.br\/noticias\/wp-content\/uploads\/2020\/03\/video-conferencia-prefeitos-domingo-22-1_423acdd2-800x533.jpg 800w, https:\/\/blogdorogeriogomes.com.br\/noticias\/wp-content\/uploads\/2020\/03\/video-conferencia-prefeitos-domingo-22-1_423acdd2.jpg 1200w\" sizes=\"auto, (max-width: 1024px) 100vw, 1024px\" \/><\/figure><\/li><\/ul><\/figure>\n\n\n","protected":false},"excerpt":{"rendered":"<p>A Frente Nacional de Prefeitos amea\u00e7a ir \u00e0 Justi\u00e7a para responsabilizar o presidente Jair Bolsonaro pelo fim de isolamento das pessoas no Pa\u00eds, proposto por ele. O Governo Federal lan\u00e7ou uma campanha chamada &#8220;O Brasil n\u00e3o pode parar&#8221; para defender a flexibiliza\u00e7\u00e3o do isolamento social. A medida vai de encontro ao que Chefes de Estado de todo o mundo est\u00e3o fazendo que \u00e9 manter o confinamento, a fim de retardar a curva crescente de cont\u00e1gio e permitir que o&hellip;<\/p>\n","protected":false},"author":1,"featured_media":16087,"comment_status":"open","ping_status":"open","sticky":false,"template":"","format":"standard","meta":{"footnotes":""},"categories":[1],"tags":[],"class_list":["post-16086","post","type-post","status-publish","format-standard","has-post-thumbnail","hentry","category-noticias"],"_links":{"self":[{"href":"https:\/\/blogdorogeriogomes.com.br\/noticias\/wp-json\/wp\/v2\/posts\/16086","targetHints":{"allow":["GET"]}}],"collection":[{"href":"https:\/\/blogdorogeriogomes.com.br\/noticias\/wp-json\/wp\/v2\/posts"}],"about":[{"href":"https:\/\/blogdorogeriogomes.com.br\/noticias\/wp-json\/wp\/v2\/types\/post"}],"author":[{"embeddable":true,"href":"https:\/\/blogdorogeriogomes.com.br\/noticias\/wp-json\/wp\/v2\/users\/1"}],"replies":[{"embeddable":true,"href":"https:\/\/blogdorogeriogomes.com.br\/noticias\/wp-json\/wp\/v2\/comments?post=16086"}],"version-history":[{"count":2,"href":"https:\/\/blogdorogeriogomes.com.br\/noticias\/wp-json\/wp\/v2\/posts\/16086\/revisions"}],"predecessor-version":[{"id":16095,"href":"https:\/\/blogdorogeriogomes.com.br\/noticias\/wp-json\/wp\/v2\/posts\/16086\/revisions\/16095"}],"wp:featuredmedia":[{"embeddable":true,"href":"https:\/\/blogdorogeriogomes.com.br\/noticias\/wp-json\/wp\/v2\/media\/16087"}],"wp:attachment":[{"href":"https:\/\/blogdorogeriogomes.com.br\/noticias\/wp-json\/wp\/v2\/media?parent=16086"}],"wp:term":[{"taxonomy":"category","embeddable":true,"href":"https:\/\/blogdorogeriogomes.com.br\/noticias\/wp-json\/wp\/v2\/categories?post=16086"},{"taxonomy":"post_tag","embeddable":true,"href":"https:\/\/blogdorogeriogomes.com.br\/noticias\/wp-json\/wp\/v2\/tags?post=16086"}],"curies":[{"name":"wp","href":"https:\/\/api.w.org\/{rel}","templated":true}]}}