{"id":16089,"date":"2020-03-27T21:03:48","date_gmt":"2020-03-27T21:03:48","guid":{"rendered":"http:\/\/blogdorogeriogomes.com.br\/?p=16089"},"modified":"2020-03-28T14:27:06","modified_gmt":"2020-03-28T14:27:06","slug":"prefeitura-de-fortaleza-retoma-campanha-de-vacinacao-contra-gripe-neste-sabado","status":"publish","type":"post","link":"https:\/\/blogdorogeriogomes.com.br\/noticias\/2020\/03\/prefeitura-de-fortaleza-retoma-campanha-de-vacinacao-contra-gripe-neste-sabado\/","title":{"rendered":"Prefeitura de Fortaleza retoma campanha de vacina\u00e7\u00e3o contra gripe neste s\u00e1bado"},"content":{"rendered":"\n<p>A Prefeitura de Fortaleza retoma neste fim de semana, dias 28 e 29 de mar\u00e7o, a vacina\u00e7\u00e3o contra a gripe H1N1, H3N2 e Influenza B, por meio da Secretaria Municipal da Sa\u00fade (SMS). O servi\u00e7o &#8220;drive vacina&#8221; ser\u00e1 ofertado, das 9 \u00e0s 16 horas, no estacionamento dos shoppings Riomar Papicu, Riomar Kennedy, North Shopping Fortaleza, North Shopping J\u00f3quei, Via Sul e Iguatemi. Para idosos de 60 a 79 anos. <br>A partir de segunda-feira, dia 30 de mar\u00e7o, a vacina\u00e7\u00e3o estar\u00e1 dispon\u00edvel em 113 postos de sa\u00fade e 200 escolas municipais. <br>A a\u00e7\u00e3o faz parte da campanha contra o novo coronav\u00edrus. Nesta sexta-feira, dia 27 de mar\u00e7o, o n\u00famero de mortes no Brasil chegou a 92, tendo um aumento de  15 mortes, em rela\u00e7\u00e3o a ontem quando o registro foi de 77 \u00f3bitos. O Minist\u00e9rio da Sa\u00fade informou que s\u00e3o 3.417 casos confirmados da doen\u00e7a.<br> J\u00e1 no Cear\u00e1, o n\u00famero \u00e9 de 282 casos confirmados. Tr\u00eas mortes foram registradas no Estado.<\/p>\n\n\n\n<figure class=\"wp-block-gallery columns-1 is-cropped wp-block-gallery-1 is-layout-flex wp-block-gallery-is-layout-flex\"><ul class=\"blocks-gallery-grid\"><li class=\"blocks-gallery-item\"><figure><img loading=\"lazy\" decoding=\"async\" width=\"678\" height=\"452\" src=\"http:\/\/blogdorogeriogomes.com.br\/wp-content\/uploads\/2020\/03\/images-15.jpeg\" alt=\"\" data-id=\"16090\" data-full-url=\"http:\/\/blogdorogeriogomes.com.br\/wp-content\/uploads\/2020\/03\/images-15.jpeg\" data-link=\"http:\/\/blogdorogeriogomes.com.br\/?attachment_id=16090\" class=\"wp-image-16090\" srcset=\"https:\/\/blogdorogeriogomes.com.br\/noticias\/wp-content\/uploads\/2020\/03\/images-15.jpeg 678w, https:\/\/blogdorogeriogomes.com.br\/noticias\/wp-content\/uploads\/2020\/03\/images-15-300x200.jpeg 300w\" sizes=\"auto, (max-width: 678px) 100vw, 678px\" \/><\/figure><\/li><\/ul><\/figure>\n","protected":false},"excerpt":{"rendered":"<p>A Prefeitura de Fortaleza retoma neste fim de semana, dias 28 e 29 de mar\u00e7o, a vacina\u00e7\u00e3o contra a gripe H1N1, H3N2 e Influenza B, por meio da Secretaria Municipal da Sa\u00fade (SMS). O servi\u00e7o &#8220;drive vacina&#8221; ser\u00e1 ofertado, das 9 \u00e0s 16 horas, no estacionamento dos shoppings Riomar Papicu, Riomar Kennedy, North Shopping Fortaleza, North Shopping J\u00f3quei, Via Sul e Iguatemi. Para idosos de 60 a 79 anos. A partir de segunda-feira, dia 30 de mar\u00e7o, a vacina\u00e7\u00e3o&hellip;<\/p>\n","protected":false},"author":1,"featured_media":16090,"comment_status":"open","ping_status":"open","sticky":false,"template":"","format":"standard","meta":{"footnotes":""},"categories":[1],"tags":[],"class_list":["post-16089","post","type-post","status-publish","format-standard","has-post-thumbnail","hentry","category-noticias"],"_links":{"self":[{"href":"https:\/\/blogdorogeriogomes.com.br\/noticias\/wp-json\/wp\/v2\/posts\/16089","targetHints":{"allow":["GET"]}}],"collection":[{"href":"https:\/\/blogdorogeriogomes.com.br\/noticias\/wp-json\/wp\/v2\/posts"}],"about":[{"href":"https:\/\/blogdorogeriogomes.com.br\/noticias\/wp-json\/wp\/v2\/types\/post"}],"author":[{"embeddable":true,"href":"https:\/\/blogdorogeriogomes.com.br\/noticias\/wp-json\/wp\/v2\/users\/1"}],"replies":[{"embeddable":true,"href":"https:\/\/blogdorogeriogomes.com.br\/noticias\/wp-json\/wp\/v2\/comments?post=16089"}],"version-history":[{"count":1,"href":"https:\/\/blogdorogeriogomes.com.br\/noticias\/wp-json\/wp\/v2\/posts\/16089\/revisions"}],"predecessor-version":[{"id":16091,"href":"https:\/\/blogdorogeriogomes.com.br\/noticias\/wp-json\/wp\/v2\/posts\/16089\/revisions\/16091"}],"wp:featuredmedia":[{"embeddable":true,"href":"https:\/\/blogdorogeriogomes.com.br\/noticias\/wp-json\/wp\/v2\/media\/16090"}],"wp:attachment":[{"href":"https:\/\/blogdorogeriogomes.com.br\/noticias\/wp-json\/wp\/v2\/media?parent=16089"}],"wp:term":[{"taxonomy":"category","embeddable":true,"href":"https:\/\/blogdorogeriogomes.com.br\/noticias\/wp-json\/wp\/v2\/categories?post=16089"},{"taxonomy":"post_tag","embeddable":true,"href":"https:\/\/blogdorogeriogomes.com.br\/noticias\/wp-json\/wp\/v2\/tags?post=16089"}],"curies":[{"name":"wp","href":"https:\/\/api.w.org\/{rel}","templated":true}]}}