{"id":16096,"date":"2020-03-28T22:44:15","date_gmt":"2020-03-28T22:44:15","guid":{"rendered":"http:\/\/blogdorogeriogomes.com.br\/?p=16096"},"modified":"2020-03-30T11:26:35","modified_gmt":"2020-03-30T11:26:35","slug":"governador-camilo-santana-prorroga-quarentena-por-mais-uma-semana-ceara-chega-a-322-casos-confirmados","status":"publish","type":"post","link":"https:\/\/blogdorogeriogomes.com.br\/noticias\/2020\/03\/governador-camilo-santana-prorroga-quarentena-por-mais-uma-semana-ceara-chega-a-322-casos-confirmados\/","title":{"rendered":"Governador Camilo Santana prorroga quarentena por mais uma semana. Cear\u00e1 chega a 322 casos confirmados"},"content":{"rendered":"\n<p>O governador do Cear\u00e1, Camilo Santana, prorrogou neste s\u00e1bado, dia 28 de mar\u00e7o, o decreto de enfrentamento ao coronav\u00edrus por mais uma semana, at\u00e9 o dia 5 de abril. <br>Camilo afirmou ainda que vai anunciar novas medidas de prote\u00e7\u00e3o econ\u00f4mica \u00e0s empresas e de socorro \u00e0 popula\u00e7\u00e3o mais vulner\u00e1vel para o Estado, a partir da pr\u00f3xima segunda-feira, dia 30 de mar\u00e7o.  <br>Segundo o boletim oficial do Minist\u00e9rio da Sa\u00fade, o Cear\u00e1 tem 322 casos confirmados e 4 \u00f3bitos. No Brasil, o n\u00famero subiu para 3.904 pacientes com coronav\u00edrus e 114 mortes registradas.<\/p>\n\n\n\n<figure class=\"wp-block-gallery columns-1 is-cropped wp-block-gallery-1 is-layout-flex wp-block-gallery-is-layout-flex\"><ul class=\"blocks-gallery-grid\"><li class=\"blocks-gallery-item\"><figure><img loading=\"lazy\" decoding=\"async\" width=\"1024\" height=\"512\" src=\"http:\/\/blogdorogeriogomes.com.br\/wp-content\/uploads\/2020\/03\/camilo-santana-live2-1-1140x570-1-1024x512.jpeg\" alt=\"\" data-id=\"16097\" data-full-url=\"http:\/\/blogdorogeriogomes.com.br\/wp-content\/uploads\/2020\/03\/camilo-santana-live2-1-1140x570-1.jpeg\" data-link=\"http:\/\/blogdorogeriogomes.com.br\/?attachment_id=16097\" class=\"wp-image-16097\" srcset=\"https:\/\/blogdorogeriogomes.com.br\/noticias\/wp-content\/uploads\/2020\/03\/camilo-santana-live2-1-1140x570-1-1024x512.jpeg 1024w, https:\/\/blogdorogeriogomes.com.br\/noticias\/wp-content\/uploads\/2020\/03\/camilo-santana-live2-1-1140x570-1-300x150.jpeg 300w, https:\/\/blogdorogeriogomes.com.br\/noticias\/wp-content\/uploads\/2020\/03\/camilo-santana-live2-1-1140x570-1-768x384.jpeg 768w, https:\/\/blogdorogeriogomes.com.br\/noticias\/wp-content\/uploads\/2020\/03\/camilo-santana-live2-1-1140x570-1-800x400.jpeg 800w, https:\/\/blogdorogeriogomes.com.br\/noticias\/wp-content\/uploads\/2020\/03\/camilo-santana-live2-1-1140x570-1.jpeg 1140w\" sizes=\"auto, (max-width: 1024px) 100vw, 1024px\" \/><\/figure><\/li><\/ul><\/figure>\n","protected":false},"excerpt":{"rendered":"<p>O governador do Cear\u00e1, Camilo Santana, prorrogou neste s\u00e1bado, dia 28 de mar\u00e7o, o decreto de enfrentamento ao coronav\u00edrus por mais uma semana, at\u00e9 o dia 5 de abril. Camilo afirmou ainda que vai anunciar novas medidas de prote\u00e7\u00e3o econ\u00f4mica \u00e0s empresas e de socorro \u00e0 popula\u00e7\u00e3o mais vulner\u00e1vel para o Estado, a partir da pr\u00f3xima segunda-feira, dia 30 de mar\u00e7o. Segundo o boletim oficial do Minist\u00e9rio da Sa\u00fade, o Cear\u00e1 tem 322 casos confirmados e 4 \u00f3bitos. No&hellip;<\/p>\n","protected":false},"author":1,"featured_media":16097,"comment_status":"open","ping_status":"open","sticky":false,"template":"","format":"standard","meta":{"footnotes":""},"categories":[1],"tags":[],"class_list":["post-16096","post","type-post","status-publish","format-standard","has-post-thumbnail","hentry","category-noticias"],"_links":{"self":[{"href":"https:\/\/blogdorogeriogomes.com.br\/noticias\/wp-json\/wp\/v2\/posts\/16096","targetHints":{"allow":["GET"]}}],"collection":[{"href":"https:\/\/blogdorogeriogomes.com.br\/noticias\/wp-json\/wp\/v2\/posts"}],"about":[{"href":"https:\/\/blogdorogeriogomes.com.br\/noticias\/wp-json\/wp\/v2\/types\/post"}],"author":[{"embeddable":true,"href":"https:\/\/blogdorogeriogomes.com.br\/noticias\/wp-json\/wp\/v2\/users\/1"}],"replies":[{"embeddable":true,"href":"https:\/\/blogdorogeriogomes.com.br\/noticias\/wp-json\/wp\/v2\/comments?post=16096"}],"version-history":[{"count":1,"href":"https:\/\/blogdorogeriogomes.com.br\/noticias\/wp-json\/wp\/v2\/posts\/16096\/revisions"}],"predecessor-version":[{"id":16098,"href":"https:\/\/blogdorogeriogomes.com.br\/noticias\/wp-json\/wp\/v2\/posts\/16096\/revisions\/16098"}],"wp:featuredmedia":[{"embeddable":true,"href":"https:\/\/blogdorogeriogomes.com.br\/noticias\/wp-json\/wp\/v2\/media\/16097"}],"wp:attachment":[{"href":"https:\/\/blogdorogeriogomes.com.br\/noticias\/wp-json\/wp\/v2\/media?parent=16096"}],"wp:term":[{"taxonomy":"category","embeddable":true,"href":"https:\/\/blogdorogeriogomes.com.br\/noticias\/wp-json\/wp\/v2\/categories?post=16096"},{"taxonomy":"post_tag","embeddable":true,"href":"https:\/\/blogdorogeriogomes.com.br\/noticias\/wp-json\/wp\/v2\/tags?post=16096"}],"curies":[{"name":"wp","href":"https:\/\/api.w.org\/{rel}","templated":true}]}}