{"id":16102,"date":"2020-03-30T00:07:09","date_gmt":"2020-03-30T00:07:09","guid":{"rendered":"http:\/\/blogdorogeriogomes.com.br\/?p=16102"},"modified":"2020-03-30T11:26:43","modified_gmt":"2020-03-30T11:26:43","slug":"ceara-tem-359-casos-de-coronavirus-com-cinco-mortes-brasil-chega-a-4-256-casos-e-136-obitos","status":"publish","type":"post","link":"https:\/\/blogdorogeriogomes.com.br\/noticias\/2020\/03\/ceara-tem-359-casos-de-coronavirus-com-cinco-mortes-brasil-chega-a-4-256-casos-e-136-obitos\/","title":{"rendered":"Cear\u00e1 tem 359 casos de coronav\u00edrus com cinco mortes. Brasil chega a 4.256 casos e 136 \u00f3bitos"},"content":{"rendered":"\n<p>A Secretaria de Sa\u00fade do Cear\u00e1 confirma que os casos de coronav\u00edrus no Estado chegaram a 359, com cinco mortes registradas, de acordo com boletim divulgado neste domingo, dia 29 de mar\u00e7o. <\/p>\n\n\n\n<p>At\u00e9 o Secret\u00e1rio de Sa\u00fade do Estado, Dr. Cabeto, foi testado positivamente com o coronav\u00edrus. Ele reclamou de febre no s\u00e1bado, dia 28, e foi internado. Os secret\u00e1rios municipais de Fortaleza, Samuel Dias (secretaria de Governo) e Alexandre Pereira (secretaria de Turismo) tamb\u00e9m est\u00e3o em isolamento domiciliar ap\u00f3s testarem positivo para o Covid-19.<\/p>\n\n\n\n<p>Neste domingo, o prefeito da Capital, Roberto Cl\u00e1udio, prorrogou o decreto que estabelecia&nbsp;ponto facultativo da administra\u00e7\u00e3o p\u00fablica municipal com novo prazo at\u00e9 o pr\u00f3ximo dia 3 de abril.<\/p>\n\n\n\n<p>Em todo o Pa\u00eds, o Minist\u00e9rio da Sa\u00fade aponta 4.256 casos confirmados da doen\u00e7a e 136 \u00f3bitos. <\/p>\n\n\n\n<p><\/p>\n\n\n\n<figure class=\"wp-block-gallery columns-1 is-cropped wp-block-gallery-1 is-layout-flex wp-block-gallery-is-layout-flex\"><ul class=\"blocks-gallery-grid\"><li class=\"blocks-gallery-item\"><figure><img loading=\"lazy\" decoding=\"async\" width=\"678\" height=\"452\" src=\"http:\/\/blogdorogeriogomes.com.br\/wp-content\/uploads\/2020\/03\/images-16.jpeg\" alt=\"\" data-id=\"16103\" data-full-url=\"http:\/\/blogdorogeriogomes.com.br\/wp-content\/uploads\/2020\/03\/images-16.jpeg\" data-link=\"http:\/\/blogdorogeriogomes.com.br\/?attachment_id=16103\" class=\"wp-image-16103\" srcset=\"https:\/\/blogdorogeriogomes.com.br\/noticias\/wp-content\/uploads\/2020\/03\/images-16.jpeg 678w, https:\/\/blogdorogeriogomes.com.br\/noticias\/wp-content\/uploads\/2020\/03\/images-16-300x200.jpeg 300w\" sizes=\"auto, (max-width: 678px) 100vw, 678px\" \/><\/figure><\/li><\/ul><\/figure>\n","protected":false},"excerpt":{"rendered":"<p>A Secretaria de Sa\u00fade do Cear\u00e1 confirma que os casos de coronav\u00edrus no Estado chegaram a 359, com cinco mortes registradas, de acordo com boletim divulgado neste domingo, dia 29 de mar\u00e7o. At\u00e9 o Secret\u00e1rio de Sa\u00fade do Estado, Dr. Cabeto, foi testado positivamente com o coronav\u00edrus. Ele reclamou de febre no s\u00e1bado, dia 28, e foi internado. Os secret\u00e1rios municipais de Fortaleza, Samuel Dias (secretaria de Governo) e Alexandre Pereira (secretaria de Turismo) tamb\u00e9m est\u00e3o em isolamento domiciliar&hellip;<\/p>\n","protected":false},"author":1,"featured_media":16103,"comment_status":"open","ping_status":"open","sticky":false,"template":"","format":"standard","meta":{"footnotes":""},"categories":[1],"tags":[],"class_list":["post-16102","post","type-post","status-publish","format-standard","has-post-thumbnail","hentry","category-noticias"],"_links":{"self":[{"href":"https:\/\/blogdorogeriogomes.com.br\/noticias\/wp-json\/wp\/v2\/posts\/16102","targetHints":{"allow":["GET"]}}],"collection":[{"href":"https:\/\/blogdorogeriogomes.com.br\/noticias\/wp-json\/wp\/v2\/posts"}],"about":[{"href":"https:\/\/blogdorogeriogomes.com.br\/noticias\/wp-json\/wp\/v2\/types\/post"}],"author":[{"embeddable":true,"href":"https:\/\/blogdorogeriogomes.com.br\/noticias\/wp-json\/wp\/v2\/users\/1"}],"replies":[{"embeddable":true,"href":"https:\/\/blogdorogeriogomes.com.br\/noticias\/wp-json\/wp\/v2\/comments?post=16102"}],"version-history":[{"count":2,"href":"https:\/\/blogdorogeriogomes.com.br\/noticias\/wp-json\/wp\/v2\/posts\/16102\/revisions"}],"predecessor-version":[{"id":16109,"href":"https:\/\/blogdorogeriogomes.com.br\/noticias\/wp-json\/wp\/v2\/posts\/16102\/revisions\/16109"}],"wp:featuredmedia":[{"embeddable":true,"href":"https:\/\/blogdorogeriogomes.com.br\/noticias\/wp-json\/wp\/v2\/media\/16103"}],"wp:attachment":[{"href":"https:\/\/blogdorogeriogomes.com.br\/noticias\/wp-json\/wp\/v2\/media?parent=16102"}],"wp:term":[{"taxonomy":"category","embeddable":true,"href":"https:\/\/blogdorogeriogomes.com.br\/noticias\/wp-json\/wp\/v2\/categories?post=16102"},{"taxonomy":"post_tag","embeddable":true,"href":"https:\/\/blogdorogeriogomes.com.br\/noticias\/wp-json\/wp\/v2\/tags?post=16102"}],"curies":[{"name":"wp","href":"https:\/\/api.w.org\/{rel}","templated":true}]}}