{"id":16106,"date":"2020-03-30T11:21:52","date_gmt":"2020-03-30T11:21:52","guid":{"rendered":"http:\/\/blogdorogeriogomes.com.br\/?p=16106"},"modified":"2020-03-30T11:26:52","modified_gmt":"2020-03-30T11:26:52","slug":"governadores-do-pais-prometem-descumprir-qualquer-decreto-de-bolsonaro-contra-o-isolamento-social","status":"publish","type":"post","link":"https:\/\/blogdorogeriogomes.com.br\/noticias\/2020\/03\/governadores-do-pais-prometem-descumprir-qualquer-decreto-de-bolsonaro-contra-o-isolamento-social\/","title":{"rendered":"Governadores do Pa\u00eds prometem descumprir qualquer decreto de Bolsonaro contra o isolamento social"},"content":{"rendered":"\n<p>Os governadores do Pa\u00eds j\u00e1 pregaram aviso: se o presidente Jair Bolsonaro baixar algum decreto obrigando a volta do funcionamento do com\u00e9rcio, eles v\u00e3o desrespeitar a decis\u00e3o e ir\u00e3o ao STF contra o Presidente. Os governadores est\u00e3o cientes que o melhor no momento \u00e9 cumprir o isolamento social, considerado a mais importante medida preventiva por m\u00e9dicos, a Organiza\u00e7\u00e3o Mundial da Sa\u00fade, \u00f3rg\u00e3o da ONU, e o pr\u00f3prio Minist\u00e9rio da Sa\u00fade.<\/p>\n\n\n\n<p>Bolsonaro voltou a agir com irresponsabilidade diante do quadro de pandemia ao circular por Bras\u00edlia, neste domingo, dia 29 de mar\u00e7o, cumprimentando ambulantes e apoiadores. Tudo o que vem sendo combatido pelo pr\u00f3prio Minist\u00e9rio da Sa\u00fade do governo dele.<\/p>\n\n\n\n<p>As atitudes extremistas de Bolsonaro repercutem em todo o mundo e s\u00f3 aumentam o desgaste do Governo Brasileiro no cen\u00e1rio internacional. &#8220;O presidente Bolsonaro publica uma foto dele em uma multid\u00e3o em Bras\u00edlia &#8230; tirada pelo twitter. Ele vai matar brasileiros. Um n\u00edvel de irresponsabilidade que nunca vi de um l\u00edder eleito democraticamente&#8221;, postou Ian Bremmer, presidente da Eurasia Group, a maior consultoria de riscos do mundo.<\/p>\n\n\n\n<figure class=\"wp-block-gallery columns-1 is-cropped wp-block-gallery-1 is-layout-flex wp-block-gallery-is-layout-flex\"><ul class=\"blocks-gallery-grid\"><li class=\"blocks-gallery-item\"><figure><img loading=\"lazy\" decoding=\"async\" width=\"715\" height=\"429\" src=\"http:\/\/blogdorogeriogomes.com.br\/wp-content\/uploads\/2020\/03\/images-17.jpeg\" alt=\"\" data-id=\"16107\" data-full-url=\"http:\/\/blogdorogeriogomes.com.br\/wp-content\/uploads\/2020\/03\/images-17.jpeg\" data-link=\"http:\/\/blogdorogeriogomes.com.br\/?attachment_id=16107\" class=\"wp-image-16107\" srcset=\"https:\/\/blogdorogeriogomes.com.br\/noticias\/wp-content\/uploads\/2020\/03\/images-17.jpeg 715w, https:\/\/blogdorogeriogomes.com.br\/noticias\/wp-content\/uploads\/2020\/03\/images-17-300x180.jpeg 300w\" sizes=\"auto, (max-width: 715px) 100vw, 715px\" \/><\/figure><\/li><\/ul><\/figure>\n","protected":false},"excerpt":{"rendered":"<p>Os governadores do Pa\u00eds j\u00e1 pregaram aviso: se o presidente Jair Bolsonaro baixar algum decreto obrigando a volta do funcionamento do com\u00e9rcio, eles v\u00e3o desrespeitar a decis\u00e3o e ir\u00e3o ao STF contra o Presidente. Os governadores est\u00e3o cientes que o melhor no momento \u00e9 cumprir o isolamento social, considerado a mais importante medida preventiva por m\u00e9dicos, a Organiza\u00e7\u00e3o Mundial da Sa\u00fade, \u00f3rg\u00e3o da ONU, e o pr\u00f3prio Minist\u00e9rio da Sa\u00fade. Bolsonaro voltou a agir com irresponsabilidade diante do quadro&hellip;<\/p>\n","protected":false},"author":1,"featured_media":16107,"comment_status":"open","ping_status":"open","sticky":false,"template":"","format":"standard","meta":{"footnotes":""},"categories":[1],"tags":[],"class_list":["post-16106","post","type-post","status-publish","format-standard","has-post-thumbnail","hentry","category-noticias"],"_links":{"self":[{"href":"https:\/\/blogdorogeriogomes.com.br\/noticias\/wp-json\/wp\/v2\/posts\/16106","targetHints":{"allow":["GET"]}}],"collection":[{"href":"https:\/\/blogdorogeriogomes.com.br\/noticias\/wp-json\/wp\/v2\/posts"}],"about":[{"href":"https:\/\/blogdorogeriogomes.com.br\/noticias\/wp-json\/wp\/v2\/types\/post"}],"author":[{"embeddable":true,"href":"https:\/\/blogdorogeriogomes.com.br\/noticias\/wp-json\/wp\/v2\/users\/1"}],"replies":[{"embeddable":true,"href":"https:\/\/blogdorogeriogomes.com.br\/noticias\/wp-json\/wp\/v2\/comments?post=16106"}],"version-history":[{"count":1,"href":"https:\/\/blogdorogeriogomes.com.br\/noticias\/wp-json\/wp\/v2\/posts\/16106\/revisions"}],"predecessor-version":[{"id":16108,"href":"https:\/\/blogdorogeriogomes.com.br\/noticias\/wp-json\/wp\/v2\/posts\/16106\/revisions\/16108"}],"wp:featuredmedia":[{"embeddable":true,"href":"https:\/\/blogdorogeriogomes.com.br\/noticias\/wp-json\/wp\/v2\/media\/16107"}],"wp:attachment":[{"href":"https:\/\/blogdorogeriogomes.com.br\/noticias\/wp-json\/wp\/v2\/media?parent=16106"}],"wp:term":[{"taxonomy":"category","embeddable":true,"href":"https:\/\/blogdorogeriogomes.com.br\/noticias\/wp-json\/wp\/v2\/categories?post=16106"},{"taxonomy":"post_tag","embeddable":true,"href":"https:\/\/blogdorogeriogomes.com.br\/noticias\/wp-json\/wp\/v2\/tags?post=16106"}],"curies":[{"name":"wp","href":"https:\/\/api.w.org\/{rel}","templated":true}]}}