{"id":16110,"date":"2020-03-30T12:05:00","date_gmt":"2020-03-30T12:05:00","guid":{"rendered":"http:\/\/blogdorogeriogomes.com.br\/?p=16110"},"modified":"2020-03-30T12:28:52","modified_gmt":"2020-03-30T12:28:52","slug":"hospital-temporario-no-pv-chega-a-10-de-conclusao-entrega-e-prevista-para-20-de-abril","status":"publish","type":"post","link":"https:\/\/blogdorogeriogomes.com.br\/noticias\/2020\/03\/hospital-temporario-no-pv-chega-a-10-de-conclusao-entrega-e-prevista-para-20-de-abril\/","title":{"rendered":"Hospital tempor\u00e1rio no PV chega a 10% de conclus\u00e3o. Entrega \u00e9 prevista para 20 de abril"},"content":{"rendered":"\n<p>A obra do hospital tempor\u00e1rio no est\u00e1dio Presidente Vargas chegou a 10% de execu\u00e7\u00e3o, segundo a Prefeitura de Fortaleza. A previs\u00e3o de entrega do equipamento, que atender\u00e1 pacientes com coronav\u00edrus, est\u00e1 prevista para 20 de abril. De acordo com o Munic\u00edpio, o investimento com montagem, compra de equipamentos e insumos, al\u00e9m de contrata\u00e7\u00e3o de cerca de 500 profissionais, deve chegar a R$ 80 milh\u00f5es de reais. A capacidade inicial do hospital \u00e9 de 204 leitos, mas com possibilidade de amplia\u00e7\u00e3o.<\/p>\n\n\n\n<p>OAB Cear\u00e1 e Minist\u00e9rio P\u00fablico pediram explica\u00e7\u00f5es \u00e0 Prefeitura de Fortaleza sobre a escolha do PV para a constru\u00e7\u00e3o do hospital tempor\u00e1rio. O prefeito Roberto Cl\u00e1udio explicou que a op\u00e7\u00e3o do local no bairro Benfica se deu pelo melhor custo. Ele disse ser invi\u00e1vel o aproveitamento de outras unidades hospitalares da Capital, que est\u00e3o desativadas. &#8220;A nossa decis\u00e3o foi concentrar ao m\u00e1ximo os leitos e a assist\u00eancia aos pacientes com coronav\u00edrus. Isso vai evitar a desnecess\u00e1ria contamina\u00e7\u00e3o de profissionais que n\u00e3o estejam trabalhando nestes casos e outros pacientes&#8221;, afirmou Roberto Cl\u00e1udio.<\/p>\n\n\n\n<figure class=\"wp-block-gallery columns-1 is-cropped wp-block-gallery-1 is-layout-flex wp-block-gallery-is-layout-flex\"><ul class=\"blocks-gallery-grid\"><li class=\"blocks-gallery-item\"><figure><img loading=\"lazy\" decoding=\"async\" width=\"1024\" height=\"574\" src=\"http:\/\/blogdorogeriogomes.com.br\/wp-content\/uploads\/2020\/03\/hospital_pv__8_-12292135-1024x574.jpg\" alt=\"\" data-id=\"16111\" data-full-url=\"http:\/\/blogdorogeriogomes.com.br\/wp-content\/uploads\/2020\/03\/hospital_pv__8_-12292135.jpg\" data-link=\"http:\/\/blogdorogeriogomes.com.br\/?attachment_id=16111\" class=\"wp-image-16111\" srcset=\"https:\/\/blogdorogeriogomes.com.br\/noticias\/wp-content\/uploads\/2020\/03\/hospital_pv__8_-12292135-1024x574.jpg 1024w, https:\/\/blogdorogeriogomes.com.br\/noticias\/wp-content\/uploads\/2020\/03\/hospital_pv__8_-12292135-300x168.jpg 300w, https:\/\/blogdorogeriogomes.com.br\/noticias\/wp-content\/uploads\/2020\/03\/hospital_pv__8_-12292135-768x430.jpg 768w, https:\/\/blogdorogeriogomes.com.br\/noticias\/wp-content\/uploads\/2020\/03\/hospital_pv__8_-12292135-800x448.jpg 800w, https:\/\/blogdorogeriogomes.com.br\/noticias\/wp-content\/uploads\/2020\/03\/hospital_pv__8_-12292135.jpg 1140w\" sizes=\"auto, (max-width: 1024px) 100vw, 1024px\" \/><\/figure><\/li><\/ul><\/figure>\n","protected":false},"excerpt":{"rendered":"<p>A obra do hospital tempor\u00e1rio no est\u00e1dio Presidente Vargas chegou a 10% de execu\u00e7\u00e3o, segundo a Prefeitura de Fortaleza. A previs\u00e3o de entrega do equipamento, que atender\u00e1 pacientes com coronav\u00edrus, est\u00e1 prevista para 20 de abril. De acordo com o Munic\u00edpio, o investimento com montagem, compra de equipamentos e insumos, al\u00e9m de contrata\u00e7\u00e3o de cerca de 500 profissionais, deve chegar a R$ 80 milh\u00f5es de reais. A capacidade inicial do hospital \u00e9 de 204 leitos, mas com possibilidade de&hellip;<\/p>\n","protected":false},"author":1,"featured_media":16111,"comment_status":"open","ping_status":"open","sticky":false,"template":"","format":"standard","meta":{"footnotes":""},"categories":[1],"tags":[],"class_list":["post-16110","post","type-post","status-publish","format-standard","has-post-thumbnail","hentry","category-noticias"],"_links":{"self":[{"href":"https:\/\/blogdorogeriogomes.com.br\/noticias\/wp-json\/wp\/v2\/posts\/16110","targetHints":{"allow":["GET"]}}],"collection":[{"href":"https:\/\/blogdorogeriogomes.com.br\/noticias\/wp-json\/wp\/v2\/posts"}],"about":[{"href":"https:\/\/blogdorogeriogomes.com.br\/noticias\/wp-json\/wp\/v2\/types\/post"}],"author":[{"embeddable":true,"href":"https:\/\/blogdorogeriogomes.com.br\/noticias\/wp-json\/wp\/v2\/users\/1"}],"replies":[{"embeddable":true,"href":"https:\/\/blogdorogeriogomes.com.br\/noticias\/wp-json\/wp\/v2\/comments?post=16110"}],"version-history":[{"count":1,"href":"https:\/\/blogdorogeriogomes.com.br\/noticias\/wp-json\/wp\/v2\/posts\/16110\/revisions"}],"predecessor-version":[{"id":16112,"href":"https:\/\/blogdorogeriogomes.com.br\/noticias\/wp-json\/wp\/v2\/posts\/16110\/revisions\/16112"}],"wp:featuredmedia":[{"embeddable":true,"href":"https:\/\/blogdorogeriogomes.com.br\/noticias\/wp-json\/wp\/v2\/media\/16111"}],"wp:attachment":[{"href":"https:\/\/blogdorogeriogomes.com.br\/noticias\/wp-json\/wp\/v2\/media?parent=16110"}],"wp:term":[{"taxonomy":"category","embeddable":true,"href":"https:\/\/blogdorogeriogomes.com.br\/noticias\/wp-json\/wp\/v2\/categories?post=16110"},{"taxonomy":"post_tag","embeddable":true,"href":"https:\/\/blogdorogeriogomes.com.br\/noticias\/wp-json\/wp\/v2\/tags?post=16110"}],"curies":[{"name":"wp","href":"https:\/\/api.w.org\/{rel}","templated":true}]}}