{"id":16113,"date":"2020-03-30T17:32:51","date_gmt":"2020-03-30T17:32:51","guid":{"rendered":"http:\/\/blogdorogeriogomes.com.br\/?p=16113"},"modified":"2020-03-31T12:01:31","modified_gmt":"2020-03-31T12:01:31","slug":"ciro-gomes-haddad-e-boulos-pedem-renuncia-de-bolsonaro-em-manifesto","status":"publish","type":"post","link":"https:\/\/blogdorogeriogomes.com.br\/noticias\/2020\/03\/ciro-gomes-haddad-e-boulos-pedem-renuncia-de-bolsonaro-em-manifesto\/","title":{"rendered":"Ciro Gomes, Haddad e Boulos pedem ren\u00fancia de Bolsonaro em manifesto"},"content":{"rendered":"\n<p>As in\u00fameras demonstra\u00e7\u00f5es de incapacidade administrativa e de gerenciamento da crise envolvendo a pandemia do coronav\u00edrus fizeram os ex-presidenci\u00e1veis Ciro Gomes (PDT), Fernando Haddad (PT), Guilherme Boulos (PSOL), al\u00e9m do governador do Maranh\u00e3o, Fl\u00e1vio Dino (PCdoB), pedirem a ren\u00fancia do presidente Jair Bolsonaro. &#8220;Jair Bolsonaro \u00e9 o maior obst\u00e1culo \u00e0 tomada de decis\u00f5es urgentes para reduzir a evolu\u00e7\u00e3o do cont\u00e1gio, salvar vidas e garantir a renda das fam\u00edlias, o emprego e as empresas. Atenta contra a sa\u00fade p\u00fablica, desconsiderando determina\u00e7\u00f5es t\u00e9cnicas e as experi\u00eancias de outros pa\u00edses&#8221;,&nbsp; diz o documento.<\/p>\n\n\n\n<p>Outros pol\u00edticos como o ex-governador do Paran\u00e1, Roberto Requi\u00e3o (MDB-PR), o ex-governador do Rio Grande do Sul, Tarso Genro, e os presidentes do PT, Gleisi Hoffmann, do PSB, Carlos Siqueira, do PDT, Carlos Lupi, do PCB, Edmilson Costa, Juliano Medeiros, do PSOL, Luciana Santos, do PCdoB, tamb\u00e9m endossam o manifesto.<\/p>\n\n\n\n<p>O documento ainda diz: &#8220;Bolsonaro n\u00e3o tem condi\u00e7\u00f5es de seguir governando o Brasil e de enfrentar essa crise, que compromete a sa\u00fade e a economia. Comete crimes, frauda informa\u00e7\u00f5es, mente e incentiva o caos, aproveitando-se do desespero da popula\u00e7\u00e3o mais vulner\u00e1vel. Precisamos de uni\u00e3o e entendimento para enfrentar a pandemia, n\u00e3o de um presidente que contraria as autoridades de Sa\u00fade P\u00fablica e submete a vida de todos aos seus interesses pol\u00edticos autorit\u00e1rios&#8221;.<\/p>\n\n\n\n<p>O governador do Rio de Janeiro, Wilson Witzel (PSC), ainda vai mais longe. Ele afirma que o presidente Jair Bolsonaro pode ser acusado de crimes contra a humanidade por desrespeitar reiteradamente as determina\u00e7\u00f5es sanit\u00e1rias no combate \u00e0 covid-19. &#8220;Cada um que tome as a\u00e7\u00f5es conforme sua consci\u00eancia determinar e depois seja responsabilizado por seus atos. Amanh\u00e3 a responsabilidade vir\u00e1 e infelizmente pode ser muito dura. Esse n\u00e3o \u00e9 o momento de desafiar ou fazer pol\u00edtica&#8221;, acrescentou o governador carioca.<\/p>\n\n\n\n<figure class=\"wp-block-gallery columns-1 is-cropped wp-block-gallery-1 is-layout-flex wp-block-gallery-is-layout-flex\"><ul class=\"blocks-gallery-grid\"><li class=\"blocks-gallery-item\"><figure><img loading=\"lazy\" decoding=\"async\" width=\"730\" height=\"417\" src=\"http:\/\/blogdorogeriogomes.com.br\/wp-content\/uploads\/2020\/03\/images-1.jpeg\" alt=\"\" data-id=\"16114\" data-full-url=\"http:\/\/blogdorogeriogomes.com.br\/wp-content\/uploads\/2020\/03\/images-1.jpeg\" data-link=\"http:\/\/blogdorogeriogomes.com.br\/?attachment_id=16114\" class=\"wp-image-16114\" srcset=\"https:\/\/blogdorogeriogomes.com.br\/noticias\/wp-content\/uploads\/2020\/03\/images-1.jpeg 730w, https:\/\/blogdorogeriogomes.com.br\/noticias\/wp-content\/uploads\/2020\/03\/images-1-300x171.jpeg 300w\" sizes=\"auto, (max-width: 730px) 100vw, 730px\" \/><\/figure><\/li><\/ul><\/figure>\n","protected":false},"excerpt":{"rendered":"<p>As in\u00fameras demonstra\u00e7\u00f5es de incapacidade administrativa e de gerenciamento da crise envolvendo a pandemia do coronav\u00edrus fizeram os ex-presidenci\u00e1veis Ciro Gomes (PDT), Fernando Haddad (PT), Guilherme Boulos (PSOL), al\u00e9m do governador do Maranh\u00e3o, Fl\u00e1vio Dino (PCdoB), pedirem a ren\u00fancia do presidente Jair Bolsonaro. &#8220;Jair Bolsonaro \u00e9 o maior obst\u00e1culo \u00e0 tomada de decis\u00f5es urgentes para reduzir a evolu\u00e7\u00e3o do cont\u00e1gio, salvar vidas e garantir a renda das fam\u00edlias, o emprego e as empresas. Atenta contra a sa\u00fade p\u00fablica, desconsiderando&hellip;<\/p>\n","protected":false},"author":1,"featured_media":16114,"comment_status":"open","ping_status":"open","sticky":false,"template":"","format":"standard","meta":{"footnotes":""},"categories":[1],"tags":[],"class_list":["post-16113","post","type-post","status-publish","format-standard","has-post-thumbnail","hentry","category-noticias"],"_links":{"self":[{"href":"https:\/\/blogdorogeriogomes.com.br\/noticias\/wp-json\/wp\/v2\/posts\/16113","targetHints":{"allow":["GET"]}}],"collection":[{"href":"https:\/\/blogdorogeriogomes.com.br\/noticias\/wp-json\/wp\/v2\/posts"}],"about":[{"href":"https:\/\/blogdorogeriogomes.com.br\/noticias\/wp-json\/wp\/v2\/types\/post"}],"author":[{"embeddable":true,"href":"https:\/\/blogdorogeriogomes.com.br\/noticias\/wp-json\/wp\/v2\/users\/1"}],"replies":[{"embeddable":true,"href":"https:\/\/blogdorogeriogomes.com.br\/noticias\/wp-json\/wp\/v2\/comments?post=16113"}],"version-history":[{"count":2,"href":"https:\/\/blogdorogeriogomes.com.br\/noticias\/wp-json\/wp\/v2\/posts\/16113\/revisions"}],"predecessor-version":[{"id":16125,"href":"https:\/\/blogdorogeriogomes.com.br\/noticias\/wp-json\/wp\/v2\/posts\/16113\/revisions\/16125"}],"wp:featuredmedia":[{"embeddable":true,"href":"https:\/\/blogdorogeriogomes.com.br\/noticias\/wp-json\/wp\/v2\/media\/16114"}],"wp:attachment":[{"href":"https:\/\/blogdorogeriogomes.com.br\/noticias\/wp-json\/wp\/v2\/media?parent=16113"}],"wp:term":[{"taxonomy":"category","embeddable":true,"href":"https:\/\/blogdorogeriogomes.com.br\/noticias\/wp-json\/wp\/v2\/categories?post=16113"},{"taxonomy":"post_tag","embeddable":true,"href":"https:\/\/blogdorogeriogomes.com.br\/noticias\/wp-json\/wp\/v2\/tags?post=16113"}],"curies":[{"name":"wp","href":"https:\/\/api.w.org\/{rel}","templated":true}]}}