{"id":16116,"date":"2020-03-30T20:17:28","date_gmt":"2020-03-30T20:17:28","guid":{"rendered":"http:\/\/blogdorogeriogomes.com.br\/?p=16116"},"modified":"2020-03-31T12:01:10","modified_gmt":"2020-03-31T12:01:10","slug":"sindicato-das-escolas-particulares-sugere-a-antecipacao-das-ferias-dos-alunos-para-o-mes-de-abril","status":"publish","type":"post","link":"https:\/\/blogdorogeriogomes.com.br\/noticias\/2020\/03\/sindicato-das-escolas-particulares-sugere-a-antecipacao-das-ferias-dos-alunos-para-o-mes-de-abril\/","title":{"rendered":"Sindicato das escolas particulares sugere a antecipa\u00e7\u00e3o das f\u00e9rias dos alunos para o m\u00eas de abril"},"content":{"rendered":"\n<p>O Sindicato dos Estabelecimentos Particulares de Ensino do Cear\u00e1 recomendou, nesta segunda &#8211; feira, dia 30 de mar\u00e7o, a antecipa\u00e7\u00e3o das f\u00e9rias escolares no Ensino Fundamental e M\u00e9dio da rede privada. A decis\u00e3o \u00e9 uma medida preventiva ao cont\u00e1gio do novo coronav\u00edrus, mas fica a crit\u00e9rio de cada escola a ades\u00e3o do plano em cada modalidade de ensino. <br>A recomenda\u00e7\u00e3o \u00e9 que creches, ber\u00e7\u00e1rios e turmas do ensino fundamental e de ensino integral tenham f\u00e9rias entre 1\u00ba e 30 de abril. J\u00e1 os alunos do ensino fundamental II e do ensino m\u00e9dio ficariam de f\u00e9rias no per\u00edodo de 13 a 30 de abril.<\/p>\n\n\n\n<figure class=\"wp-block-gallery columns-1 is-cropped wp-block-gallery-1 is-layout-flex wp-block-gallery-is-layout-flex\"><ul class=\"blocks-gallery-grid\"><li class=\"blocks-gallery-item\"><figure><img loading=\"lazy\" decoding=\"async\" width=\"678\" height=\"452\" src=\"http:\/\/blogdorogeriogomes.com.br\/wp-content\/uploads\/2020\/03\/images-2-1.jpeg\" alt=\"\" data-id=\"16117\" data-full-url=\"http:\/\/blogdorogeriogomes.com.br\/wp-content\/uploads\/2020\/03\/images-2-1.jpeg\" data-link=\"http:\/\/blogdorogeriogomes.com.br\/?attachment_id=16117\" class=\"wp-image-16117\" srcset=\"https:\/\/blogdorogeriogomes.com.br\/noticias\/wp-content\/uploads\/2020\/03\/images-2-1.jpeg 678w, https:\/\/blogdorogeriogomes.com.br\/noticias\/wp-content\/uploads\/2020\/03\/images-2-1-300x200.jpeg 300w\" sizes=\"auto, (max-width: 678px) 100vw, 678px\" \/><\/figure><\/li><\/ul><\/figure>\n","protected":false},"excerpt":{"rendered":"<p>O Sindicato dos Estabelecimentos Particulares de Ensino do Cear\u00e1 recomendou, nesta segunda &#8211; feira, dia 30 de mar\u00e7o, a antecipa\u00e7\u00e3o das f\u00e9rias escolares no Ensino Fundamental e M\u00e9dio da rede privada. A decis\u00e3o \u00e9 uma medida preventiva ao cont\u00e1gio do novo coronav\u00edrus, mas fica a crit\u00e9rio de cada escola a ades\u00e3o do plano em cada modalidade de ensino. A recomenda\u00e7\u00e3o \u00e9 que creches, ber\u00e7\u00e1rios e turmas do ensino fundamental e de ensino integral tenham f\u00e9rias entre 1\u00ba e 30&hellip;<\/p>\n","protected":false},"author":1,"featured_media":16117,"comment_status":"open","ping_status":"open","sticky":false,"template":"","format":"standard","meta":{"footnotes":""},"categories":[1],"tags":[],"class_list":["post-16116","post","type-post","status-publish","format-standard","has-post-thumbnail","hentry","category-noticias"],"_links":{"self":[{"href":"https:\/\/blogdorogeriogomes.com.br\/noticias\/wp-json\/wp\/v2\/posts\/16116","targetHints":{"allow":["GET"]}}],"collection":[{"href":"https:\/\/blogdorogeriogomes.com.br\/noticias\/wp-json\/wp\/v2\/posts"}],"about":[{"href":"https:\/\/blogdorogeriogomes.com.br\/noticias\/wp-json\/wp\/v2\/types\/post"}],"author":[{"embeddable":true,"href":"https:\/\/blogdorogeriogomes.com.br\/noticias\/wp-json\/wp\/v2\/users\/1"}],"replies":[{"embeddable":true,"href":"https:\/\/blogdorogeriogomes.com.br\/noticias\/wp-json\/wp\/v2\/comments?post=16116"}],"version-history":[{"count":1,"href":"https:\/\/blogdorogeriogomes.com.br\/noticias\/wp-json\/wp\/v2\/posts\/16116\/revisions"}],"predecessor-version":[{"id":16118,"href":"https:\/\/blogdorogeriogomes.com.br\/noticias\/wp-json\/wp\/v2\/posts\/16116\/revisions\/16118"}],"wp:featuredmedia":[{"embeddable":true,"href":"https:\/\/blogdorogeriogomes.com.br\/noticias\/wp-json\/wp\/v2\/media\/16117"}],"wp:attachment":[{"href":"https:\/\/blogdorogeriogomes.com.br\/noticias\/wp-json\/wp\/v2\/media?parent=16116"}],"wp:term":[{"taxonomy":"category","embeddable":true,"href":"https:\/\/blogdorogeriogomes.com.br\/noticias\/wp-json\/wp\/v2\/categories?post=16116"},{"taxonomy":"post_tag","embeddable":true,"href":"https:\/\/blogdorogeriogomes.com.br\/noticias\/wp-json\/wp\/v2\/tags?post=16116"}],"curies":[{"name":"wp","href":"https:\/\/api.w.org\/{rel}","templated":true}]}}