{"id":16119,"date":"2020-03-30T23:50:15","date_gmt":"2020-03-30T23:50:15","guid":{"rendered":"http:\/\/blogdorogeriogomes.com.br\/?p=16119"},"modified":"2020-03-31T12:00:53","modified_gmt":"2020-03-31T12:00:53","slug":"camilo-santana-anuncia-medidas-economicas-de-socorro-a-pequenas-e-microempresas-por-90-dias","status":"publish","type":"post","link":"https:\/\/blogdorogeriogomes.com.br\/noticias\/2020\/03\/camilo-santana-anuncia-medidas-economicas-de-socorro-a-pequenas-e-microempresas-por-90-dias\/","title":{"rendered":"Camilo Santana anuncia medidas econ\u00f4micas de socorro a pequenas e microempresas por 90 dias"},"content":{"rendered":"\n<p>Em live realizada na noite desta segunda-feira, dia 30 de mar\u00e7o, o governador do Cear\u00e1, anunciou algumas medidas econ\u00f4micas de socorro a pequenas e microempresas neste momento de paralisa\u00e7\u00e3o das atividades comerciais, por causa da pandemia do coronav\u00edrus. A principal delas \u00e9 suspens\u00e3o do pagamento de impostos de micro e pequenas empresas cearenses cadastradas no Simples Nacional por 90 dias.<\/p>\n\n\n\n<p>Tamb\u00e9m est\u00e3o previstas a prorroga\u00e7\u00e3o por tr\u00eas meses do prazo para empresas come\u00e7arem a atender demandas decorrentes de a\u00e7\u00f5es fiscalizat\u00f3rias do Estado. Impostos atrasados que foram renunciados tamb\u00e9m est\u00e3o suspensos.<br>O governador do Cear\u00e1 determinou ainda a suspens\u00e3o do Fundo de Equil\u00edbrio Fiscal do Pagamento, prorroga\u00e7\u00e3o da validade de certid\u00f5es negativas, para que empresas participem de licita\u00e7\u00f5es e do prazo de apresenta\u00e7\u00e3o das obriga\u00e7\u00f5es acess\u00f3rias de empresas, al\u00e9m da suspens\u00e3o da inscri\u00e7\u00e3o de empresas dentro da lista de d\u00edvida ativa com o Estado.<\/p>\n\n\n\n<p><\/p>\n\n\n\n<p><\/p>\n\n\n\n<figure class=\"wp-block-gallery columns-1 is-cropped wp-block-gallery-1 is-layout-flex wp-block-gallery-is-layout-flex\"><ul class=\"blocks-gallery-grid\"><li class=\"blocks-gallery-item\"><figure><img loading=\"lazy\" decoding=\"async\" width=\"506\" height=\"413\" src=\"http:\/\/blogdorogeriogomes.com.br\/wp-content\/uploads\/2020\/03\/IMG_20200305_064215_835.jpg\" alt=\"\" data-id=\"15790\" data-full-url=\"http:\/\/blogdorogeriogomes.com.br\/wp-content\/uploads\/2020\/03\/IMG_20200305_064215_835.jpg\" data-link=\"http:\/\/blogdorogeriogomes.com.br\/2020\/03\/05\/camilo-santana-diz-na-globonews-que-cabo-sabino-esta-foragido-apos-o-motim-dos-policiais-militares\/img_20200305_064215_835\/\" class=\"wp-image-15790\" srcset=\"https:\/\/blogdorogeriogomes.com.br\/noticias\/wp-content\/uploads\/2020\/03\/IMG_20200305_064215_835.jpg 506w, https:\/\/blogdorogeriogomes.com.br\/noticias\/wp-content\/uploads\/2020\/03\/IMG_20200305_064215_835-300x245.jpg 300w\" sizes=\"auto, (max-width: 506px) 100vw, 506px\" \/><\/figure><\/li><\/ul><\/figure>\n","protected":false},"excerpt":{"rendered":"<p>Em live realizada na noite desta segunda-feira, dia 30 de mar\u00e7o, o governador do Cear\u00e1, anunciou algumas medidas econ\u00f4micas de socorro a pequenas e microempresas neste momento de paralisa\u00e7\u00e3o das atividades comerciais, por causa da pandemia do coronav\u00edrus. A principal delas \u00e9 suspens\u00e3o do pagamento de impostos de micro e pequenas empresas cearenses cadastradas no Simples Nacional por 90 dias. Tamb\u00e9m est\u00e3o previstas a prorroga\u00e7\u00e3o por tr\u00eas meses do prazo para empresas come\u00e7arem a atender demandas decorrentes de a\u00e7\u00f5es&hellip;<\/p>\n","protected":false},"author":1,"featured_media":15790,"comment_status":"open","ping_status":"open","sticky":false,"template":"","format":"standard","meta":{"footnotes":""},"categories":[1],"tags":[],"class_list":["post-16119","post","type-post","status-publish","format-standard","has-post-thumbnail","hentry","category-noticias"],"_links":{"self":[{"href":"https:\/\/blogdorogeriogomes.com.br\/noticias\/wp-json\/wp\/v2\/posts\/16119","targetHints":{"allow":["GET"]}}],"collection":[{"href":"https:\/\/blogdorogeriogomes.com.br\/noticias\/wp-json\/wp\/v2\/posts"}],"about":[{"href":"https:\/\/blogdorogeriogomes.com.br\/noticias\/wp-json\/wp\/v2\/types\/post"}],"author":[{"embeddable":true,"href":"https:\/\/blogdorogeriogomes.com.br\/noticias\/wp-json\/wp\/v2\/users\/1"}],"replies":[{"embeddable":true,"href":"https:\/\/blogdorogeriogomes.com.br\/noticias\/wp-json\/wp\/v2\/comments?post=16119"}],"version-history":[{"count":1,"href":"https:\/\/blogdorogeriogomes.com.br\/noticias\/wp-json\/wp\/v2\/posts\/16119\/revisions"}],"predecessor-version":[{"id":16120,"href":"https:\/\/blogdorogeriogomes.com.br\/noticias\/wp-json\/wp\/v2\/posts\/16119\/revisions\/16120"}],"wp:featuredmedia":[{"embeddable":true,"href":"https:\/\/blogdorogeriogomes.com.br\/noticias\/wp-json\/wp\/v2\/media\/15790"}],"wp:attachment":[{"href":"https:\/\/blogdorogeriogomes.com.br\/noticias\/wp-json\/wp\/v2\/media?parent=16119"}],"wp:term":[{"taxonomy":"category","embeddable":true,"href":"https:\/\/blogdorogeriogomes.com.br\/noticias\/wp-json\/wp\/v2\/categories?post=16119"},{"taxonomy":"post_tag","embeddable":true,"href":"https:\/\/blogdorogeriogomes.com.br\/noticias\/wp-json\/wp\/v2\/tags?post=16119"}],"curies":[{"name":"wp","href":"https:\/\/api.w.org\/{rel}","templated":true}]}}