{"id":16121,"date":"2020-03-31T11:40:50","date_gmt":"2020-03-31T11:40:50","guid":{"rendered":"http:\/\/blogdorogeriogomes.com.br\/?p=16121"},"modified":"2020-03-31T12:00:01","modified_gmt":"2020-03-31T12:00:01","slug":"sobral-registra-a-primeira-morte-de-paciente-por-coronavirus-segundo-prefeito-ivo-gomes","status":"publish","type":"post","link":"https:\/\/blogdorogeriogomes.com.br\/noticias\/2020\/03\/sobral-registra-a-primeira-morte-de-paciente-por-coronavirus-segundo-prefeito-ivo-gomes\/","title":{"rendered":"Sobral registra a primeira morte de paciente por coronav\u00edrus, segundo prefeito Ivo Gomes"},"content":{"rendered":"\n<p>O prefeito de Sobral, Ivo Gomes, confirmou na noite desta segunda-feira, dia 30 de mar\u00e7o, a primeira morte por coronav\u00edrus registrada no interior do Cear\u00e1. Pelas redes sociais, Ivo Gomes informou que se trata de uma paciente de 60 anos de idade, que residia em Santa Quit\u00e9ria, e foi atendida em Sobral. Com isso, o n\u00famero de mortos no Estado chega a seis. A morte registrada pelo prefeito sobralense n\u00e3o foi confirmada oficialmente pela Secretaria de Sa\u00fade do Cear\u00e1. <\/p>\n\n\n\n<p>De acordo com o \u00faltimo boletim, a Sesa confirma que o n\u00famero de casos confirmados no Cear\u00e1 chega a 382 pessoas. S\u00f3 em Fortaleza s\u00e3o 353 pacientes infectados. Os outros casos s\u00e3o registrados em Aquiraz (14), Sobral (5), Quixad\u00e1 (2), Beberibe (1),&nbsp;Caucaia (1), Fortim (1), Itaitinga (1), Juazeiro do Norte (1), Maracana\u00fa (1), Maranguape (1) e Mauriti (1).<\/p>\n\n\n\n<p>No Brasil, o n\u00famero de mortes pelo novo coronav\u00edrus no Brasil subiu para 159. O Pa\u00eds registra 4.579 casos confirmados da doen\u00e7a.<\/p>\n\n\n\n<figure class=\"wp-block-gallery columns-1 is-cropped wp-block-gallery-1 is-layout-flex wp-block-gallery-is-layout-flex\"><ul class=\"blocks-gallery-grid\"><li class=\"blocks-gallery-item\"><figure><img loading=\"lazy\" decoding=\"async\" width=\"656\" height=\"468\" src=\"http:\/\/blogdorogeriogomes.com.br\/wp-content\/uploads\/2020\/03\/images-3-1.jpeg\" alt=\"\" data-id=\"16122\" data-full-url=\"http:\/\/blogdorogeriogomes.com.br\/wp-content\/uploads\/2020\/03\/images-3-1.jpeg\" data-link=\"http:\/\/blogdorogeriogomes.com.br\/?attachment_id=16122\" class=\"wp-image-16122\" srcset=\"https:\/\/blogdorogeriogomes.com.br\/noticias\/wp-content\/uploads\/2020\/03\/images-3-1.jpeg 656w, https:\/\/blogdorogeriogomes.com.br\/noticias\/wp-content\/uploads\/2020\/03\/images-3-1-300x214.jpeg 300w\" sizes=\"auto, (max-width: 656px) 100vw, 656px\" \/><\/figure><\/li><\/ul><\/figure>\n","protected":false},"excerpt":{"rendered":"<p>O prefeito de Sobral, Ivo Gomes, confirmou na noite desta segunda-feira, dia 30 de mar\u00e7o, a primeira morte por coronav\u00edrus registrada no interior do Cear\u00e1. Pelas redes sociais, Ivo Gomes informou que se trata de uma paciente de 60 anos de idade, que residia em Santa Quit\u00e9ria, e foi atendida em Sobral. Com isso, o n\u00famero de mortos no Estado chega a seis. A morte registrada pelo prefeito sobralense n\u00e3o foi confirmada oficialmente pela Secretaria de Sa\u00fade do Cear\u00e1.&hellip;<\/p>\n","protected":false},"author":1,"featured_media":16122,"comment_status":"open","ping_status":"open","sticky":false,"template":"","format":"standard","meta":{"footnotes":""},"categories":[1],"tags":[],"class_list":["post-16121","post","type-post","status-publish","format-standard","has-post-thumbnail","hentry","category-noticias"],"_links":{"self":[{"href":"https:\/\/blogdorogeriogomes.com.br\/noticias\/wp-json\/wp\/v2\/posts\/16121","targetHints":{"allow":["GET"]}}],"collection":[{"href":"https:\/\/blogdorogeriogomes.com.br\/noticias\/wp-json\/wp\/v2\/posts"}],"about":[{"href":"https:\/\/blogdorogeriogomes.com.br\/noticias\/wp-json\/wp\/v2\/types\/post"}],"author":[{"embeddable":true,"href":"https:\/\/blogdorogeriogomes.com.br\/noticias\/wp-json\/wp\/v2\/users\/1"}],"replies":[{"embeddable":true,"href":"https:\/\/blogdorogeriogomes.com.br\/noticias\/wp-json\/wp\/v2\/comments?post=16121"}],"version-history":[{"count":2,"href":"https:\/\/blogdorogeriogomes.com.br\/noticias\/wp-json\/wp\/v2\/posts\/16121\/revisions"}],"predecessor-version":[{"id":16124,"href":"https:\/\/blogdorogeriogomes.com.br\/noticias\/wp-json\/wp\/v2\/posts\/16121\/revisions\/16124"}],"wp:featuredmedia":[{"embeddable":true,"href":"https:\/\/blogdorogeriogomes.com.br\/noticias\/wp-json\/wp\/v2\/media\/16122"}],"wp:attachment":[{"href":"https:\/\/blogdorogeriogomes.com.br\/noticias\/wp-json\/wp\/v2\/media?parent=16121"}],"wp:term":[{"taxonomy":"category","embeddable":true,"href":"https:\/\/blogdorogeriogomes.com.br\/noticias\/wp-json\/wp\/v2\/categories?post=16121"},{"taxonomy":"post_tag","embeddable":true,"href":"https:\/\/blogdorogeriogomes.com.br\/noticias\/wp-json\/wp\/v2\/tags?post=16121"}],"curies":[{"name":"wp","href":"https:\/\/api.w.org\/{rel}","templated":true}]}}