{"id":16126,"date":"2020-03-31T15:13:33","date_gmt":"2020-03-31T15:13:33","guid":{"rendered":"http:\/\/blogdorogeriogomes.com.br\/?p=16126"},"modified":"2020-04-02T13:37:57","modified_gmt":"2020-04-02T13:37:57","slug":"aulas-na-rede-publica-estadual-permanecem-suspensas-por-mais-30-dias-por-determinacao-do-governo-do-ceara","status":"publish","type":"post","link":"https:\/\/blogdorogeriogomes.com.br\/noticias\/2020\/03\/aulas-na-rede-publica-estadual-permanecem-suspensas-por-mais-30-dias-por-determinacao-do-governo-do-ceara\/","title":{"rendered":"Aulas na rede p\u00fablica estadual permanecem suspensas por mais 30 dias por determina\u00e7\u00e3o do Governo do Cear\u00e1"},"content":{"rendered":"\n<p>Depois da orienta\u00e7\u00e3o do Sindicato dos Estabelecimentos Particulares de Ensino recomendarem que escolas privadas antecipem as f\u00e9rias dos alunos para abril, agora foi o Governo do Cear\u00e1 que determinou que as atividades presenciais em escolas, cursos e universidades p\u00fablicas devem permanecer suspensas por mais 30 dias. A prorroga\u00e7\u00e3o \u00e9 uma forma de evitar o aumento no cont\u00e1gio do novo coronav\u00edrus. As aulas na rede p\u00fablica estadual s\u00f3 devem retornar no dia 4 de maio.<\/p>\n\n\n\n<p>Na rede p\u00fablica, esse per\u00edodo n\u00e3o vai ser considerado f\u00e9rias, portanto, os estudantes ter\u00e3o aulas remotas, o que contar\u00e1 para o calend\u00e1rio letivo.<br> J\u00e1 as unidades particulares poder\u00e3o usar esse tempo para dar f\u00e9rias aos alunos, professores e funcion\u00e1rios ou para promover aula a dist\u00e2cia.<\/p>\n\n\n\n<figure class=\"wp-block-gallery columns-1 is-cropped wp-block-gallery-1 is-layout-flex wp-block-gallery-is-layout-flex\"><ul class=\"blocks-gallery-grid\"><li class=\"blocks-gallery-item\"><figure><img loading=\"lazy\" decoding=\"async\" width=\"620\" height=\"413\" src=\"http:\/\/blogdorogeriogomes.com.br\/wp-content\/uploads\/2020\/03\/images-4-1.jpeg\" alt=\"\" data-id=\"16127\" data-full-url=\"http:\/\/blogdorogeriogomes.com.br\/wp-content\/uploads\/2020\/03\/images-4-1.jpeg\" data-link=\"http:\/\/blogdorogeriogomes.com.br\/?attachment_id=16127\" class=\"wp-image-16127\" srcset=\"https:\/\/blogdorogeriogomes.com.br\/noticias\/wp-content\/uploads\/2020\/03\/images-4-1.jpeg 620w, https:\/\/blogdorogeriogomes.com.br\/noticias\/wp-content\/uploads\/2020\/03\/images-4-1-300x200.jpeg 300w\" sizes=\"auto, (max-width: 620px) 100vw, 620px\" \/><\/figure><\/li><\/ul><\/figure>\n","protected":false},"excerpt":{"rendered":"<p>Depois da orienta\u00e7\u00e3o do Sindicato dos Estabelecimentos Particulares de Ensino recomendarem que escolas privadas antecipem as f\u00e9rias dos alunos para abril, agora foi o Governo do Cear\u00e1 que determinou que as atividades presenciais em escolas, cursos e universidades p\u00fablicas devem permanecer suspensas por mais 30 dias. A prorroga\u00e7\u00e3o \u00e9 uma forma de evitar o aumento no cont\u00e1gio do novo coronav\u00edrus. As aulas na rede p\u00fablica estadual s\u00f3 devem retornar no dia 4 de maio. Na rede p\u00fablica, esse per\u00edodo&hellip;<\/p>\n","protected":false},"author":1,"featured_media":16127,"comment_status":"open","ping_status":"open","sticky":false,"template":"","format":"standard","meta":{"footnotes":""},"categories":[1],"tags":[],"class_list":["post-16126","post","type-post","status-publish","format-standard","has-post-thumbnail","hentry","category-noticias"],"_links":{"self":[{"href":"https:\/\/blogdorogeriogomes.com.br\/noticias\/wp-json\/wp\/v2\/posts\/16126","targetHints":{"allow":["GET"]}}],"collection":[{"href":"https:\/\/blogdorogeriogomes.com.br\/noticias\/wp-json\/wp\/v2\/posts"}],"about":[{"href":"https:\/\/blogdorogeriogomes.com.br\/noticias\/wp-json\/wp\/v2\/types\/post"}],"author":[{"embeddable":true,"href":"https:\/\/blogdorogeriogomes.com.br\/noticias\/wp-json\/wp\/v2\/users\/1"}],"replies":[{"embeddable":true,"href":"https:\/\/blogdorogeriogomes.com.br\/noticias\/wp-json\/wp\/v2\/comments?post=16126"}],"version-history":[{"count":1,"href":"https:\/\/blogdorogeriogomes.com.br\/noticias\/wp-json\/wp\/v2\/posts\/16126\/revisions"}],"predecessor-version":[{"id":16128,"href":"https:\/\/blogdorogeriogomes.com.br\/noticias\/wp-json\/wp\/v2\/posts\/16126\/revisions\/16128"}],"wp:featuredmedia":[{"embeddable":true,"href":"https:\/\/blogdorogeriogomes.com.br\/noticias\/wp-json\/wp\/v2\/media\/16127"}],"wp:attachment":[{"href":"https:\/\/blogdorogeriogomes.com.br\/noticias\/wp-json\/wp\/v2\/media?parent=16126"}],"wp:term":[{"taxonomy":"category","embeddable":true,"href":"https:\/\/blogdorogeriogomes.com.br\/noticias\/wp-json\/wp\/v2\/categories?post=16126"},{"taxonomy":"post_tag","embeddable":true,"href":"https:\/\/blogdorogeriogomes.com.br\/noticias\/wp-json\/wp\/v2\/tags?post=16126"}],"curies":[{"name":"wp","href":"https:\/\/api.w.org\/{rel}","templated":true}]}}