{"id":16129,"date":"2020-03-31T19:23:42","date_gmt":"2020-03-31T19:23:42","guid":{"rendered":"http:\/\/blogdorogeriogomes.com.br\/?p=16129"},"modified":"2020-04-02T13:38:48","modified_gmt":"2020-04-02T13:38:48","slug":"camara-municipal-de-fortaleza-aprova-decreto-de-calamidade-publica-do-prefeito-roberto-claudio","status":"publish","type":"post","link":"https:\/\/blogdorogeriogomes.com.br\/noticias\/2020\/03\/camara-municipal-de-fortaleza-aprova-decreto-de-calamidade-publica-do-prefeito-roberto-claudio\/","title":{"rendered":"C\u00e2mara Municipal de Fortaleza aprova decreto de calamidade p\u00fablica do prefeito Roberto Cl\u00e1udio"},"content":{"rendered":"\n<p>Os vereadores de Fortaleza aprovaram, nesta ter\u00e7a-feira, dia 31 de mar\u00e7o, o decreto do prefeito Roberto Cl\u00e1udio que reconhece estado de calamidade p\u00fablica na Capital at\u00e9 31 de dezembro. A decis\u00e3o foi tomada em sess\u00e3o remota da C\u00e2mara Municipal.<\/p>\n\n\n\n<figure class=\"wp-block-gallery columns-1 is-cropped wp-block-gallery-1 is-layout-flex wp-block-gallery-is-layout-flex\"><ul class=\"blocks-gallery-grid\"><li class=\"blocks-gallery-item\"><figure><img loading=\"lazy\" decoding=\"async\" width=\"849\" height=\"477\" src=\"http:\/\/blogdorogeriogomes.com.br\/wp-content\/uploads\/2020\/03\/plen\u00e1ria.jpg\" alt=\"\" data-id=\"16130\" data-full-url=\"http:\/\/blogdorogeriogomes.com.br\/wp-content\/uploads\/2020\/03\/plen\u00e1ria.jpg\" data-link=\"http:\/\/blogdorogeriogomes.com.br\/?attachment_id=16130\" class=\"wp-image-16130\" srcset=\"https:\/\/blogdorogeriogomes.com.br\/noticias\/wp-content\/uploads\/2020\/03\/plen\u00e1ria.jpg 849w, https:\/\/blogdorogeriogomes.com.br\/noticias\/wp-content\/uploads\/2020\/03\/plen\u00e1ria-300x169.jpg 300w, https:\/\/blogdorogeriogomes.com.br\/noticias\/wp-content\/uploads\/2020\/03\/plen\u00e1ria-768x431.jpg 768w, https:\/\/blogdorogeriogomes.com.br\/noticias\/wp-content\/uploads\/2020\/03\/plen\u00e1ria-800x449.jpg 800w\" sizes=\"auto, (max-width: 849px) 100vw, 849px\" \/><\/figure><\/li><\/ul><\/figure>\n\n\n\n<p>O decreto de calamidade p\u00fablica permite que a Prefeitura de Fortaleza gaste mais que o previsto e desobede\u00e7a as metas fiscais estabelecidas para 2020, a fim de custear a\u00e7\u00f5es de combate ao coronav\u00edrus. A condi\u00e7\u00e3o \u00e9 prevista pela Lei de Responsabilidade Fiscal e suspende prazos para ajuste das despesas de pessoal e dos limites do endividamento. Em n\u00edvel federal, o Senado tamb\u00e9m aprovou calamidade p\u00fablica a pedido do Pal\u00e1cio do Planalto.<\/p>\n\n\n\n<p>De acordo com o presidente da C\u00e2mara Municipal de Fortaleza, Ant\u00f4nio Henrique, o decreto de calamidade p\u00fablica ainda ser\u00e1 apreciado pela Assembleia Legislativa do Cear\u00e1, institui\u00e7\u00e3o que oficialmente aprovar\u00e1 a o decreto do Executivo.<\/p>\n","protected":false},"excerpt":{"rendered":"<p>Os vereadores de Fortaleza aprovaram, nesta ter\u00e7a-feira, dia 31 de mar\u00e7o, o decreto do prefeito Roberto Cl\u00e1udio que reconhece estado de calamidade p\u00fablica na Capital at\u00e9 31 de dezembro. A decis\u00e3o foi tomada em sess\u00e3o remota da C\u00e2mara Municipal. O decreto de calamidade p\u00fablica permite que a Prefeitura de Fortaleza gaste mais que o previsto e desobede\u00e7a as metas fiscais estabelecidas para 2020, a fim de custear a\u00e7\u00f5es de combate ao coronav\u00edrus. A condi\u00e7\u00e3o \u00e9 prevista pela Lei de&hellip;<\/p>\n","protected":false},"author":1,"featured_media":16130,"comment_status":"open","ping_status":"open","sticky":false,"template":"","format":"standard","meta":{"footnotes":""},"categories":[1],"tags":[],"class_list":["post-16129","post","type-post","status-publish","format-standard","has-post-thumbnail","hentry","category-noticias"],"_links":{"self":[{"href":"https:\/\/blogdorogeriogomes.com.br\/noticias\/wp-json\/wp\/v2\/posts\/16129","targetHints":{"allow":["GET"]}}],"collection":[{"href":"https:\/\/blogdorogeriogomes.com.br\/noticias\/wp-json\/wp\/v2\/posts"}],"about":[{"href":"https:\/\/blogdorogeriogomes.com.br\/noticias\/wp-json\/wp\/v2\/types\/post"}],"author":[{"embeddable":true,"href":"https:\/\/blogdorogeriogomes.com.br\/noticias\/wp-json\/wp\/v2\/users\/1"}],"replies":[{"embeddable":true,"href":"https:\/\/blogdorogeriogomes.com.br\/noticias\/wp-json\/wp\/v2\/comments?post=16129"}],"version-history":[{"count":1,"href":"https:\/\/blogdorogeriogomes.com.br\/noticias\/wp-json\/wp\/v2\/posts\/16129\/revisions"}],"predecessor-version":[{"id":16131,"href":"https:\/\/blogdorogeriogomes.com.br\/noticias\/wp-json\/wp\/v2\/posts\/16129\/revisions\/16131"}],"wp:featuredmedia":[{"embeddable":true,"href":"https:\/\/blogdorogeriogomes.com.br\/noticias\/wp-json\/wp\/v2\/media\/16130"}],"wp:attachment":[{"href":"https:\/\/blogdorogeriogomes.com.br\/noticias\/wp-json\/wp\/v2\/media?parent=16129"}],"wp:term":[{"taxonomy":"category","embeddable":true,"href":"https:\/\/blogdorogeriogomes.com.br\/noticias\/wp-json\/wp\/v2\/categories?post=16129"},{"taxonomy":"post_tag","embeddable":true,"href":"https:\/\/blogdorogeriogomes.com.br\/noticias\/wp-json\/wp\/v2\/tags?post=16129"}],"curies":[{"name":"wp","href":"https:\/\/api.w.org\/{rel}","templated":true}]}}