{"id":16137,"date":"2020-03-31T23:11:29","date_gmt":"2020-03-31T23:11:29","guid":{"rendered":"http:\/\/blogdorogeriogomes.com.br\/?p=16137"},"modified":"2020-04-02T13:36:20","modified_gmt":"2020-04-02T13:36:20","slug":"governo-estadual-vai-assegurar-pagamento-da-conta-de-luz-de-534-mil-familias-de-baixa-renda","status":"publish","type":"post","link":"https:\/\/blogdorogeriogomes.com.br\/noticias\/2020\/03\/governo-estadual-vai-assegurar-pagamento-da-conta-de-luz-de-534-mil-familias-de-baixa-renda\/","title":{"rendered":"Governo estadual vai assegurar pagamento da conta de luz de 534 mil fam\u00edlias de baixa renda"},"content":{"rendered":"\n<p>O governador Camilo Santana anunciou nesta ter\u00e7a-feira, dia 31 de mar\u00e7o, que o Estado vai garantir o pagamento da conta de luz de mais 534 mil fam\u00edlias de baixa renda no Cear\u00e1 por tr\u00eas meses. A iniciativa valer\u00e1 para as fam\u00edlias que consumirem at\u00e9 100kW por m\u00eas. O projeto de lei ser\u00e1 enviado para a Assembl\u00e9ia Legislativa, onde depende de aprova\u00e7\u00e3o dos deputados estaduais. <\/p>\n\n\n\n<p>Outras medidas anunciadas por Camilo Santana foi a libera\u00e7\u00e3o do funcionamento do com\u00e9rcio necess\u00e1rio como lanchonetes, restaurantes, oficinas em geral, postos de combust\u00edveis e borracharias localizados nas rodovias estaduais e federais que cortam o territ\u00f3rio cearense. A decis\u00e3o vai viabilizar o transporte de carga, destinado ao abastecimento da popula\u00e7\u00e3o e atendimento de servi\u00e7os p\u00fablicos essenciais, durante a pandemia do novo coronav\u00edrus. <\/p>\n\n\n\n<p>Tamb\u00e9m est\u00e1 autorizado o funcionamento de outros estabelecimentos que prestam servi\u00e7os de internet e respectivo suporte, cart\u00f3rios (sem atendimento presencial) e unidades de atendimento de microcr\u00e9dito que operem fora da institui\u00e7\u00e3o financeira correspondente.<\/p>\n\n\n\n<figure class=\"wp-block-gallery columns-1 is-cropped wp-block-gallery-1 is-layout-flex wp-block-gallery-is-layout-flex\"><ul class=\"blocks-gallery-grid\"><li class=\"blocks-gallery-item\"><figure><img loading=\"lazy\" decoding=\"async\" width=\"660\" height=\"464\" src=\"http:\/\/blogdorogeriogomes.com.br\/wp-content\/uploads\/2020\/03\/images-6-1.jpeg\" alt=\"\" data-id=\"16138\" data-full-url=\"http:\/\/blogdorogeriogomes.com.br\/wp-content\/uploads\/2020\/03\/images-6-1.jpeg\" data-link=\"http:\/\/blogdorogeriogomes.com.br\/?attachment_id=16138\" class=\"wp-image-16138\" srcset=\"https:\/\/blogdorogeriogomes.com.br\/noticias\/wp-content\/uploads\/2020\/03\/images-6-1.jpeg 660w, https:\/\/blogdorogeriogomes.com.br\/noticias\/wp-content\/uploads\/2020\/03\/images-6-1-300x211.jpeg 300w\" sizes=\"auto, (max-width: 660px) 100vw, 660px\" \/><\/figure><\/li><\/ul><\/figure>\n","protected":false},"excerpt":{"rendered":"<p>O governador Camilo Santana anunciou nesta ter\u00e7a-feira, dia 31 de mar\u00e7o, que o Estado vai garantir o pagamento da conta de luz de mais 534 mil fam\u00edlias de baixa renda no Cear\u00e1 por tr\u00eas meses. A iniciativa valer\u00e1 para as fam\u00edlias que consumirem at\u00e9 100kW por m\u00eas. O projeto de lei ser\u00e1 enviado para a Assembl\u00e9ia Legislativa, onde depende de aprova\u00e7\u00e3o dos deputados estaduais. Outras medidas anunciadas por Camilo Santana foi a libera\u00e7\u00e3o do funcionamento do com\u00e9rcio necess\u00e1rio como&hellip;<\/p>\n","protected":false},"author":1,"featured_media":16138,"comment_status":"open","ping_status":"open","sticky":false,"template":"","format":"standard","meta":{"footnotes":""},"categories":[1],"tags":[],"class_list":["post-16137","post","type-post","status-publish","format-standard","has-post-thumbnail","hentry","category-noticias"],"_links":{"self":[{"href":"https:\/\/blogdorogeriogomes.com.br\/noticias\/wp-json\/wp\/v2\/posts\/16137","targetHints":{"allow":["GET"]}}],"collection":[{"href":"https:\/\/blogdorogeriogomes.com.br\/noticias\/wp-json\/wp\/v2\/posts"}],"about":[{"href":"https:\/\/blogdorogeriogomes.com.br\/noticias\/wp-json\/wp\/v2\/types\/post"}],"author":[{"embeddable":true,"href":"https:\/\/blogdorogeriogomes.com.br\/noticias\/wp-json\/wp\/v2\/users\/1"}],"replies":[{"embeddable":true,"href":"https:\/\/blogdorogeriogomes.com.br\/noticias\/wp-json\/wp\/v2\/comments?post=16137"}],"version-history":[{"count":1,"href":"https:\/\/blogdorogeriogomes.com.br\/noticias\/wp-json\/wp\/v2\/posts\/16137\/revisions"}],"predecessor-version":[{"id":16139,"href":"https:\/\/blogdorogeriogomes.com.br\/noticias\/wp-json\/wp\/v2\/posts\/16137\/revisions\/16139"}],"wp:featuredmedia":[{"embeddable":true,"href":"https:\/\/blogdorogeriogomes.com.br\/noticias\/wp-json\/wp\/v2\/media\/16138"}],"wp:attachment":[{"href":"https:\/\/blogdorogeriogomes.com.br\/noticias\/wp-json\/wp\/v2\/media?parent=16137"}],"wp:term":[{"taxonomy":"category","embeddable":true,"href":"https:\/\/blogdorogeriogomes.com.br\/noticias\/wp-json\/wp\/v2\/categories?post=16137"},{"taxonomy":"post_tag","embeddable":true,"href":"https:\/\/blogdorogeriogomes.com.br\/noticias\/wp-json\/wp\/v2\/tags?post=16137"}],"curies":[{"name":"wp","href":"https:\/\/api.w.org\/{rel}","templated":true}]}}