{"id":16143,"date":"2020-04-01T11:24:12","date_gmt":"2020-04-01T11:24:12","guid":{"rendered":"http:\/\/blogdorogeriogomes.com.br\/?p=16143"},"modified":"2020-04-02T13:35:58","modified_gmt":"2020-04-02T13:35:58","slug":"roberto-claudio-anuncia-mais-140-leitos-em-cinco-upas-da-capital-prefeito-deve-visitar-obras-do-pv-na-sexta-feira","status":"publish","type":"post","link":"https:\/\/blogdorogeriogomes.com.br\/noticias\/2020\/04\/roberto-claudio-anuncia-mais-140-leitos-em-cinco-upas-da-capital-prefeito-deve-visitar-obras-do-pv-na-sexta-feira\/","title":{"rendered":"Roberto Cl\u00e1udio anuncia mais 140 leitos em cinco UPAs da Capital. Prefeito deve visitar obras do PV na sexta-feira"},"content":{"rendered":"\n<p>A Prefeitura de Fortaleza anuncia a implanta\u00e7\u00e3o de 140 novos leitos em cinco Unidades de Pronto Atendimento (UPAs) municipais at\u00e9 15 de abril. Ser\u00e3o contempladas as UPAs dos bairros Edson Queiroz, do Bom Jardim, do Vila Velha, do Jangurussu e do Itaperi.<\/p>\n\n\n\n<p>O prazo, antes previsto para o fim de abril, foi antecipado pela Prefeitura de Fortaleza em virtude do atual cen\u00e1rio epidemiol\u00f3gico, composto pelos crescentes casos confirmados de infec\u00e7\u00e3o por coronav\u00edrus e por outros quadros virais, incluindo as arboviroses.<\/p>\n\n\n\n<p>O Instituto Dr. Jos\u00e9 Frota 2 (IJF2), conforme previamente anunciado, oferecer\u00e1, at\u00e9 o m\u00eas de maio, 175 leitos de UTI direcionados a pacientes acometidos pela Covid-19. \u201cS\u00f3 no IJF 2, j\u00e1 s\u00e3o 20 leitos entregues. 18 estavam ocupados na manh\u00e3 de hoje. Esta \u00e9 uma demonstra\u00e7\u00e3o da necessidade da expans\u00e3o realizada\u201d, disse o prefeito Roberto Cl\u00e1udio.<\/p>\n\n\n\n<p>Cumprindo a quarentena por ter sido testado positivamente por coronav\u00edrus, Roberto Cl\u00e1udio j\u00e1 confirma o retorno \u00e0s atividades de rua. No pr\u00f3ximo dia 3 de abril, ele j\u00e1 dever\u00e1 visitar as obras do hospital de campanha em constru\u00e7\u00e3o no Est\u00e1dio Presidente Vargas, al\u00e9m da expans\u00e3o da estrutura da UPA do Edson Queiroz.<\/p>\n\n\n\n<p> <\/p>\n\n\n\n<figure class=\"wp-block-gallery columns-1 is-cropped wp-block-gallery-1 is-layout-flex wp-block-gallery-is-layout-flex\"><ul class=\"blocks-gallery-grid\"><li class=\"blocks-gallery-item\"><figure><img loading=\"lazy\" decoding=\"async\" width=\"1024\" height=\"608\" src=\"http:\/\/blogdorogeriogomes.com.br\/wp-content\/uploads\/2020\/04\/01-01-UPA-8-1024x608.jpg\" alt=\"\" data-id=\"16144\" data-full-url=\"http:\/\/blogdorogeriogomes.com.br\/wp-content\/uploads\/2020\/04\/01-01-UPA-8-scaled.jpg\" data-link=\"http:\/\/blogdorogeriogomes.com.br\/?attachment_id=16144\" class=\"wp-image-16144\" srcset=\"https:\/\/blogdorogeriogomes.com.br\/noticias\/wp-content\/uploads\/2020\/04\/01-01-UPA-8-1024x608.jpg 1024w, https:\/\/blogdorogeriogomes.com.br\/noticias\/wp-content\/uploads\/2020\/04\/01-01-UPA-8-300x178.jpg 300w, https:\/\/blogdorogeriogomes.com.br\/noticias\/wp-content\/uploads\/2020\/04\/01-01-UPA-8-768x456.jpg 768w, https:\/\/blogdorogeriogomes.com.br\/noticias\/wp-content\/uploads\/2020\/04\/01-01-UPA-8-1536x912.jpg 1536w, https:\/\/blogdorogeriogomes.com.br\/noticias\/wp-content\/uploads\/2020\/04\/01-01-UPA-8-2048x1216.jpg 2048w, https:\/\/blogdorogeriogomes.com.br\/noticias\/wp-content\/uploads\/2020\/04\/01-01-UPA-8-800x475.jpg 800w\" sizes=\"auto, (max-width: 1024px) 100vw, 1024px\" \/><\/figure><\/li><\/ul><\/figure>\n\n\n\n<figure class=\"wp-block-gallery columns-0 is-cropped wp-block-gallery-2 is-layout-flex wp-block-gallery-is-layout-flex\"><ul class=\"blocks-gallery-grid\"><\/ul><\/figure>\n","protected":false},"excerpt":{"rendered":"<p>A Prefeitura de Fortaleza anuncia a implanta\u00e7\u00e3o de 140 novos leitos em cinco Unidades de Pronto Atendimento (UPAs) municipais at\u00e9 15 de abril. Ser\u00e3o contempladas as UPAs dos bairros Edson Queiroz, do Bom Jardim, do Vila Velha, do Jangurussu e do Itaperi. O prazo, antes previsto para o fim de abril, foi antecipado pela Prefeitura de Fortaleza em virtude do atual cen\u00e1rio epidemiol\u00f3gico, composto pelos crescentes casos confirmados de infec\u00e7\u00e3o por coronav\u00edrus e por outros quadros virais, incluindo as&hellip;<\/p>\n","protected":false},"author":1,"featured_media":16144,"comment_status":"open","ping_status":"open","sticky":false,"template":"","format":"standard","meta":{"footnotes":""},"categories":[1],"tags":[],"class_list":["post-16143","post","type-post","status-publish","format-standard","has-post-thumbnail","hentry","category-noticias"],"_links":{"self":[{"href":"https:\/\/blogdorogeriogomes.com.br\/noticias\/wp-json\/wp\/v2\/posts\/16143","targetHints":{"allow":["GET"]}}],"collection":[{"href":"https:\/\/blogdorogeriogomes.com.br\/noticias\/wp-json\/wp\/v2\/posts"}],"about":[{"href":"https:\/\/blogdorogeriogomes.com.br\/noticias\/wp-json\/wp\/v2\/types\/post"}],"author":[{"embeddable":true,"href":"https:\/\/blogdorogeriogomes.com.br\/noticias\/wp-json\/wp\/v2\/users\/1"}],"replies":[{"embeddable":true,"href":"https:\/\/blogdorogeriogomes.com.br\/noticias\/wp-json\/wp\/v2\/comments?post=16143"}],"version-history":[{"count":1,"href":"https:\/\/blogdorogeriogomes.com.br\/noticias\/wp-json\/wp\/v2\/posts\/16143\/revisions"}],"predecessor-version":[{"id":16145,"href":"https:\/\/blogdorogeriogomes.com.br\/noticias\/wp-json\/wp\/v2\/posts\/16143\/revisions\/16145"}],"wp:featuredmedia":[{"embeddable":true,"href":"https:\/\/blogdorogeriogomes.com.br\/noticias\/wp-json\/wp\/v2\/media\/16144"}],"wp:attachment":[{"href":"https:\/\/blogdorogeriogomes.com.br\/noticias\/wp-json\/wp\/v2\/media?parent=16143"}],"wp:term":[{"taxonomy":"category","embeddable":true,"href":"https:\/\/blogdorogeriogomes.com.br\/noticias\/wp-json\/wp\/v2\/categories?post=16143"},{"taxonomy":"post_tag","embeddable":true,"href":"https:\/\/blogdorogeriogomes.com.br\/noticias\/wp-json\/wp\/v2\/tags?post=16143"}],"curies":[{"name":"wp","href":"https:\/\/api.w.org\/{rel}","templated":true}]}}