{"id":16149,"date":"2020-04-01T23:29:39","date_gmt":"2020-04-01T23:29:39","guid":{"rendered":"http:\/\/blogdorogeriogomes.com.br\/?p=16149"},"modified":"2020-04-02T13:32:54","modified_gmt":"2020-04-02T13:32:54","slug":"casos-da-covid-19-no-ceara-chegam-a-444-com-oito-mortes-camilo-santana-decreta-estado-de-calamidade-publica","status":"publish","type":"post","link":"https:\/\/blogdorogeriogomes.com.br\/noticias\/2020\/04\/casos-da-covid-19-no-ceara-chegam-a-444-com-oito-mortes-camilo-santana-decreta-estado-de-calamidade-publica\/","title":{"rendered":"Casos da Covid-19 no Cear\u00e1 chegam a 444, com oito mortes. Camilo Santana decreta estado de calamidade p\u00fablica"},"content":{"rendered":"\n<p>O n\u00famero de casos da&nbsp;Covid-19 no Cear\u00e1 chegou a 444, de acordo com o boletim desta quarta-feira, dia 1\u00b0 de abril, do Minist\u00e9rio da Sa\u00fade. S\u00e3o oito mortes pela doen\u00e7a no Estado, sendo seis em Fortaleza, uma em Sobral e uma em Tiangu\u00e1.<\/p>\n\n\n\n<p>No Brasil, o n\u00famero de casos confirmados do coronav\u00edrus alcan\u00e7ou a marca de 6.836. Um crescimento de 1.119 casos no Pa\u00eds nas \u00faltimas 24 horas. S\u00e3o 240 mortes registradas em todo o territ\u00f3rio nacional.<\/p>\n\n\n\n<p>Nesta quarta-feira, o governador do Cear\u00e1, Camilo Santana, assinou mensagem que decreta Estado de Calamidade P\u00fablica no Cear\u00e1 por causa do novo coronav\u00edrus. O decreto permite ao Estado contrair gastos n\u00e3o previstos para enfrentar a pandemia.&nbsp;O texto ser\u00e1&nbsp;enviado para a Assembleia Legislativa, nesta quinta-feira, dia 2.<\/p>\n\n\n\n<p><\/p>\n\n\n\n<p><\/p>\n\n\n\n<figure class=\"wp-block-gallery columns-1 is-cropped wp-block-gallery-1 is-layout-flex wp-block-gallery-is-layout-flex\"><ul class=\"blocks-gallery-grid\"><li class=\"blocks-gallery-item\"><figure><img loading=\"lazy\" decoding=\"async\" width=\"739\" height=\"415\" src=\"http:\/\/blogdorogeriogomes.com.br\/wp-content\/uploads\/2020\/03\/images-59.jpeg\" alt=\"\" data-id=\"15903\" data-full-url=\"http:\/\/blogdorogeriogomes.com.br\/wp-content\/uploads\/2020\/03\/images-59.jpeg\" data-link=\"http:\/\/blogdorogeriogomes.com.br\/2020\/03\/16\/secretaria-de-saude-do-ceara-confirma-os-tres-primeiros-casos-de-coronavirus-no-estado\/images-59-8\/\" class=\"wp-image-15903\" srcset=\"https:\/\/blogdorogeriogomes.com.br\/noticias\/wp-content\/uploads\/2020\/03\/images-59.jpeg 739w, https:\/\/blogdorogeriogomes.com.br\/noticias\/wp-content\/uploads\/2020\/03\/images-59-300x168.jpeg 300w\" sizes=\"auto, (max-width: 739px) 100vw, 739px\" \/><\/figure><\/li><\/ul><\/figure>\n","protected":false},"excerpt":{"rendered":"<p>O n\u00famero de casos da&nbsp;Covid-19 no Cear\u00e1 chegou a 444, de acordo com o boletim desta quarta-feira, dia 1\u00b0 de abril, do Minist\u00e9rio da Sa\u00fade. S\u00e3o oito mortes pela doen\u00e7a no Estado, sendo seis em Fortaleza, uma em Sobral e uma em Tiangu\u00e1. No Brasil, o n\u00famero de casos confirmados do coronav\u00edrus alcan\u00e7ou a marca de 6.836. Um crescimento de 1.119 casos no Pa\u00eds nas \u00faltimas 24 horas. S\u00e3o 240 mortes registradas em todo o territ\u00f3rio nacional. Nesta quarta-feira,&hellip;<\/p>\n","protected":false},"author":1,"featured_media":15903,"comment_status":"open","ping_status":"open","sticky":false,"template":"","format":"standard","meta":{"footnotes":""},"categories":[1],"tags":[],"class_list":["post-16149","post","type-post","status-publish","format-standard","has-post-thumbnail","hentry","category-noticias"],"_links":{"self":[{"href":"https:\/\/blogdorogeriogomes.com.br\/noticias\/wp-json\/wp\/v2\/posts\/16149","targetHints":{"allow":["GET"]}}],"collection":[{"href":"https:\/\/blogdorogeriogomes.com.br\/noticias\/wp-json\/wp\/v2\/posts"}],"about":[{"href":"https:\/\/blogdorogeriogomes.com.br\/noticias\/wp-json\/wp\/v2\/types\/post"}],"author":[{"embeddable":true,"href":"https:\/\/blogdorogeriogomes.com.br\/noticias\/wp-json\/wp\/v2\/users\/1"}],"replies":[{"embeddable":true,"href":"https:\/\/blogdorogeriogomes.com.br\/noticias\/wp-json\/wp\/v2\/comments?post=16149"}],"version-history":[{"count":2,"href":"https:\/\/blogdorogeriogomes.com.br\/noticias\/wp-json\/wp\/v2\/posts\/16149\/revisions"}],"predecessor-version":[{"id":16153,"href":"https:\/\/blogdorogeriogomes.com.br\/noticias\/wp-json\/wp\/v2\/posts\/16149\/revisions\/16153"}],"wp:featuredmedia":[{"embeddable":true,"href":"https:\/\/blogdorogeriogomes.com.br\/noticias\/wp-json\/wp\/v2\/media\/15903"}],"wp:attachment":[{"href":"https:\/\/blogdorogeriogomes.com.br\/noticias\/wp-json\/wp\/v2\/media?parent=16149"}],"wp:term":[{"taxonomy":"category","embeddable":true,"href":"https:\/\/blogdorogeriogomes.com.br\/noticias\/wp-json\/wp\/v2\/categories?post=16149"},{"taxonomy":"post_tag","embeddable":true,"href":"https:\/\/blogdorogeriogomes.com.br\/noticias\/wp-json\/wp\/v2\/tags?post=16149"}],"curies":[{"name":"wp","href":"https:\/\/api.w.org\/{rel}","templated":true}]}}