{"id":16154,"date":"2020-04-02T10:19:04","date_gmt":"2020-04-02T10:19:04","guid":{"rendered":"http:\/\/blogdorogeriogomes.com.br\/?p=16154"},"modified":"2020-04-02T13:31:44","modified_gmt":"2020-04-02T13:31:44","slug":"governo-federal-anuncia-medida-que-permite-reducao-de-salarios-e-da-jornada-de-trabalho","status":"publish","type":"post","link":"https:\/\/blogdorogeriogomes.com.br\/noticias\/2020\/04\/governo-federal-anuncia-medida-que-permite-reducao-de-salarios-e-da-jornada-de-trabalho\/","title":{"rendered":"Governo Federal anuncia medida que permite redu\u00e7\u00e3o de sal\u00e1rios e da jornada de trabalho"},"content":{"rendered":"\n<p>O Governo Federal anunciou medida provis\u00f3ria que vai permitir \u00e0s empresas reduzir jornada e sal\u00e1rio de funcion\u00e1rios em at\u00e9 70% por at\u00e9 tr\u00eas meses, ou suspender totalmente o contrato de trabalho e o pagamento de sal\u00e1rio por at\u00e9 dois meses. Em ambos os casos, o trabalhador receber\u00e1 o seguro-desemprego, em parte ou na \u00edntegra, pago pelo governo como compensa\u00e7\u00e3o. A medida faz parte do combate aos impactos do coronav\u00edrus. A redu\u00e7\u00e3o na jornada e no sal\u00e1rio poder\u00e1 ser de 25%, 50% ou 70%. <\/p>\n\n\n\n<p>Enfim, ap\u00f3s 48 horas de aprova\u00e7\u00e3o no Congresso Nacional, o presidente Jair Bolsonaro anunciou a san\u00e7\u00e3o do projeto que garante aux\u00edlio de R$ 600 reais mensais para trabalhadores informais, aut\u00f4nomos e MEIs (microempreendedores individuais). Ser\u00e3o atendidos at\u00e9 duas pessoas por fam\u00edlia. M\u00e3es que s\u00e3o respons\u00e1veis sozinhas pelo sustento de seus familiares poder\u00e3o receber R$ 1.200 reais por m\u00eas.<\/p>\n\n\n\n<p>Outra medida \u00e9 que o Minist\u00e9rio da Economia anunciou que o prazo para entrega das declara\u00e7\u00f5es de Imposto de Renda de pessoas f\u00edsicas 2020 foi prorrogado por 60 dias. A entrega, que devia ser feita at\u00e9 o dia 30 de abril, poder\u00e1 ser realizada at\u00e9 30 de junho.<\/p>\n\n\n\n<p><\/p>\n\n\n\n<figure class=\"wp-block-gallery columns-1 is-cropped wp-block-gallery-1 is-layout-flex wp-block-gallery-is-layout-flex\"><ul class=\"blocks-gallery-grid\"><li class=\"blocks-gallery-item\"><figure><img loading=\"lazy\" decoding=\"async\" width=\"686\" height=\"447\" src=\"http:\/\/blogdorogeriogomes.com.br\/wp-content\/uploads\/2020\/04\/images.jpeg\" alt=\"\" data-id=\"16155\" data-full-url=\"http:\/\/blogdorogeriogomes.com.br\/wp-content\/uploads\/2020\/04\/images.jpeg\" data-link=\"http:\/\/blogdorogeriogomes.com.br\/?attachment_id=16155\" class=\"wp-image-16155\" srcset=\"https:\/\/blogdorogeriogomes.com.br\/noticias\/wp-content\/uploads\/2020\/04\/images.jpeg 686w, https:\/\/blogdorogeriogomes.com.br\/noticias\/wp-content\/uploads\/2020\/04\/images-300x195.jpeg 300w\" sizes=\"auto, (max-width: 686px) 100vw, 686px\" \/><\/figure><\/li><\/ul><\/figure>\n","protected":false},"excerpt":{"rendered":"<p>O Governo Federal anunciou medida provis\u00f3ria que vai permitir \u00e0s empresas reduzir jornada e sal\u00e1rio de funcion\u00e1rios em at\u00e9 70% por at\u00e9 tr\u00eas meses, ou suspender totalmente o contrato de trabalho e o pagamento de sal\u00e1rio por at\u00e9 dois meses. Em ambos os casos, o trabalhador receber\u00e1 o seguro-desemprego, em parte ou na \u00edntegra, pago pelo governo como compensa\u00e7\u00e3o. A medida faz parte do combate aos impactos do coronav\u00edrus. A redu\u00e7\u00e3o na jornada e no sal\u00e1rio poder\u00e1 ser de&hellip;<\/p>\n","protected":false},"author":1,"featured_media":16155,"comment_status":"open","ping_status":"open","sticky":false,"template":"","format":"standard","meta":{"footnotes":""},"categories":[1],"tags":[],"class_list":["post-16154","post","type-post","status-publish","format-standard","has-post-thumbnail","hentry","category-noticias"],"_links":{"self":[{"href":"https:\/\/blogdorogeriogomes.com.br\/noticias\/wp-json\/wp\/v2\/posts\/16154","targetHints":{"allow":["GET"]}}],"collection":[{"href":"https:\/\/blogdorogeriogomes.com.br\/noticias\/wp-json\/wp\/v2\/posts"}],"about":[{"href":"https:\/\/blogdorogeriogomes.com.br\/noticias\/wp-json\/wp\/v2\/types\/post"}],"author":[{"embeddable":true,"href":"https:\/\/blogdorogeriogomes.com.br\/noticias\/wp-json\/wp\/v2\/users\/1"}],"replies":[{"embeddable":true,"href":"https:\/\/blogdorogeriogomes.com.br\/noticias\/wp-json\/wp\/v2\/comments?post=16154"}],"version-history":[{"count":1,"href":"https:\/\/blogdorogeriogomes.com.br\/noticias\/wp-json\/wp\/v2\/posts\/16154\/revisions"}],"predecessor-version":[{"id":16156,"href":"https:\/\/blogdorogeriogomes.com.br\/noticias\/wp-json\/wp\/v2\/posts\/16154\/revisions\/16156"}],"wp:featuredmedia":[{"embeddable":true,"href":"https:\/\/blogdorogeriogomes.com.br\/noticias\/wp-json\/wp\/v2\/media\/16155"}],"wp:attachment":[{"href":"https:\/\/blogdorogeriogomes.com.br\/noticias\/wp-json\/wp\/v2\/media?parent=16154"}],"wp:term":[{"taxonomy":"category","embeddable":true,"href":"https:\/\/blogdorogeriogomes.com.br\/noticias\/wp-json\/wp\/v2\/categories?post=16154"},{"taxonomy":"post_tag","embeddable":true,"href":"https:\/\/blogdorogeriogomes.com.br\/noticias\/wp-json\/wp\/v2\/tags?post=16154"}],"curies":[{"name":"wp","href":"https:\/\/api.w.org\/{rel}","templated":true}]}}