{"id":16157,"date":"2020-04-02T10:59:51","date_gmt":"2020-04-02T10:59:51","guid":{"rendered":"http:\/\/blogdorogeriogomes.com.br\/?p=16157"},"modified":"2020-04-02T13:38:25","modified_gmt":"2020-04-02T13:38:25","slug":"ministerio-da-saude-mostra-preocupacao-com-a-subnotificacao-dos-casos-que-devem-disparar-com-divulgacao-de-exames-represados","status":"publish","type":"post","link":"https:\/\/blogdorogeriogomes.com.br\/noticias\/2020\/04\/ministerio-da-saude-mostra-preocupacao-com-a-subnotificacao-dos-casos-que-devem-disparar-com-divulgacao-de-exames-represados\/","title":{"rendered":"Minist\u00e9rio da Sa\u00fade mostra preocupa\u00e7\u00e3o com a subnotifica\u00e7\u00e3o dos casos, que devem disparar com divulga\u00e7\u00e3o de exames represados"},"content":{"rendered":"\n<p><\/p>\n\n\n\n<p>Uma das preocupa\u00e7\u00f5es do Minist\u00e9rio da Sa\u00fade neste momento da pandemia do coronav\u00edrus \u00e9 a subnotifica\u00e7\u00e3o dos casos em estados e munic\u00edpios. O avan\u00e7o da epidemia pode ser muito maior do que se tem registro, muitos hospitais do pa\u00eds esperam que dentro poucas semanas comecem a faltar vagas em Unidades de Tratamento Intensivo (UTIs).<\/p>\n\n\n\n<p>O n\u00famero de confirma\u00e7\u00f5es da Covid-19 deve crescer acentuadamente no Brasil a partir desta semana, segundo Ministro da Sa\u00fade, Luiz Henrique Mandetta. De acordo com ele, o n\u00famero de casos confirmados \u00e9 &#8220;muito menor do que o n\u00famero de casos que est\u00e3o circulando&#8221; no Pa\u00eds. &#8220;A testagem est\u00e1 represada. Estamos come\u00e7ando a usar m\u00e1quinas em autom\u00e1tico, vamos ter megam\u00e1quinas e os n\u00fameros v\u00e3o crescer muito&#8221;, acrescentou Mandetta.<\/p>\n\n\n\n<p>A Secretaria de Sa\u00fade do Cear\u00e1 atualizou ainda na noite de quarta-feira, dia 1\u00b0 de abril, os dados do coronav\u00edrus no Estado. Subiu para nove o n\u00famero de mortes no Cear\u00e1. Em 24 horas, o Estado teve um acr\u00e9scimo de 44&nbsp;novos casos e agora registra 445&nbsp;pessoas infectadas.&nbsp;As nove mortes foram registradas em Fortaleza (6), Eus\u00e9bio (1), Santa Quit\u00e9ria (1) e&nbsp;Tiangu\u00e1 (1).&nbsp;<\/p>\n\n\n\n<figure class=\"wp-block-gallery columns-1 is-cropped wp-block-gallery-1 is-layout-flex wp-block-gallery-is-layout-flex\"><ul class=\"blocks-gallery-grid\"><li class=\"blocks-gallery-item\"><figure><img loading=\"lazy\" decoding=\"async\" width=\"715\" height=\"429\" src=\"http:\/\/blogdorogeriogomes.com.br\/wp-content\/uploads\/2020\/04\/images-1.jpeg\" alt=\"\" data-id=\"16158\" data-full-url=\"http:\/\/blogdorogeriogomes.com.br\/wp-content\/uploads\/2020\/04\/images-1.jpeg\" data-link=\"http:\/\/blogdorogeriogomes.com.br\/?attachment_id=16158\" class=\"wp-image-16158\" srcset=\"https:\/\/blogdorogeriogomes.com.br\/noticias\/wp-content\/uploads\/2020\/04\/images-1.jpeg 715w, https:\/\/blogdorogeriogomes.com.br\/noticias\/wp-content\/uploads\/2020\/04\/images-1-300x180.jpeg 300w\" sizes=\"auto, (max-width: 715px) 100vw, 715px\" \/><\/figure><\/li><\/ul><\/figure>\n","protected":false},"excerpt":{"rendered":"<p>Uma das preocupa\u00e7\u00f5es do Minist\u00e9rio da Sa\u00fade neste momento da pandemia do coronav\u00edrus \u00e9 a subnotifica\u00e7\u00e3o dos casos em estados e munic\u00edpios. O avan\u00e7o da epidemia pode ser muito maior do que se tem registro, muitos hospitais do pa\u00eds esperam que dentro poucas semanas comecem a faltar vagas em Unidades de Tratamento Intensivo (UTIs). O n\u00famero de confirma\u00e7\u00f5es da Covid-19 deve crescer acentuadamente no Brasil a partir desta semana, segundo Ministro da Sa\u00fade, Luiz Henrique Mandetta. De acordo com&hellip;<\/p>\n","protected":false},"author":1,"featured_media":16158,"comment_status":"open","ping_status":"open","sticky":false,"template":"","format":"standard","meta":{"footnotes":""},"categories":[1],"tags":[],"class_list":["post-16157","post","type-post","status-publish","format-standard","has-post-thumbnail","hentry","category-noticias"],"_links":{"self":[{"href":"https:\/\/blogdorogeriogomes.com.br\/noticias\/wp-json\/wp\/v2\/posts\/16157","targetHints":{"allow":["GET"]}}],"collection":[{"href":"https:\/\/blogdorogeriogomes.com.br\/noticias\/wp-json\/wp\/v2\/posts"}],"about":[{"href":"https:\/\/blogdorogeriogomes.com.br\/noticias\/wp-json\/wp\/v2\/types\/post"}],"author":[{"embeddable":true,"href":"https:\/\/blogdorogeriogomes.com.br\/noticias\/wp-json\/wp\/v2\/users\/1"}],"replies":[{"embeddable":true,"href":"https:\/\/blogdorogeriogomes.com.br\/noticias\/wp-json\/wp\/v2\/comments?post=16157"}],"version-history":[{"count":2,"href":"https:\/\/blogdorogeriogomes.com.br\/noticias\/wp-json\/wp\/v2\/posts\/16157\/revisions"}],"predecessor-version":[{"id":16163,"href":"https:\/\/blogdorogeriogomes.com.br\/noticias\/wp-json\/wp\/v2\/posts\/16157\/revisions\/16163"}],"wp:featuredmedia":[{"embeddable":true,"href":"https:\/\/blogdorogeriogomes.com.br\/noticias\/wp-json\/wp\/v2\/media\/16158"}],"wp:attachment":[{"href":"https:\/\/blogdorogeriogomes.com.br\/noticias\/wp-json\/wp\/v2\/media?parent=16157"}],"wp:term":[{"taxonomy":"category","embeddable":true,"href":"https:\/\/blogdorogeriogomes.com.br\/noticias\/wp-json\/wp\/v2\/categories?post=16157"},{"taxonomy":"post_tag","embeddable":true,"href":"https:\/\/blogdorogeriogomes.com.br\/noticias\/wp-json\/wp\/v2\/tags?post=16157"}],"curies":[{"name":"wp","href":"https:\/\/api.w.org\/{rel}","templated":true}]}}